{"id":728912,"date":"2026-01-18T22:50:11","date_gmt":"2026-01-18T22:50:11","guid":{"rendered":"https:\/\/www.europesays.com\/de\/728912\/"},"modified":"2026-01-18T22:50:11","modified_gmt":"2026-01-18T22:50:11","slug":"erste-von-vier-sitzung-in-hehler-gross-gefeiert","status":"publish","type":"post","link":"https:\/\/www.europesays.com\/de\/728912\/","title":{"rendered":"Erste von vier Sitzung in Hehler gro\u00df gefeiert"},"content":{"rendered":"<p class=\"text_ohne_einzug richtext text-em-55 !leading-serif mx-6 desktop:mx-0\">Die gut besuchte erste Sitzung fand Samstag, 17. Januar, statt. Die n\u00e4chsten sind f\u00fcr den 24. und 31. Januar jeweils ab 19.11 Uhr geplant, die letzte Sitzung am 7. Februar ist bereits ausverkauft.<\/p>\n<p class=\"richtext text-em-55 !leading-serif mx-6 desktop:mx-0\">Mit insgesamt 45 Aktiven auf und hinter der B\u00fchne werden die Abendsitzungen komplett aus eigenen Reihen gestaltet. \u201eSelbst der \u00c4lteste, Matthes (85), sitzt bei uns an der Kasse und verkauft Eintrittskarten f\u00fcr spontane Besucher\u201c, betont Stefan Lennartz von der KG Hehler. Und mit dicken vier Stunden Programm werden die Zuschauer gut unterhalten. Lennartz selbst tritt etwa als Rentner auf, eine Schulklasse aus den 70er-Jahren ist zu sehen und die Hehler Friends reisen in das Jahr 1927, um die erste Karnevalssitzung zu erleben. Schlie\u00dflich feiert die KG Hehler aktuell ihr Bestehen seit jecken 9 x 11 Jahren. Was sich jedoch nicht so ganz einfach gestaltet. Beim Tanz der Funkengarde geht auch nicht alles so glatt, wie man es von anderen Garden gewohnt ist. Aber das m\u00e4nnliche, b\u00e4rtige \u201eFunkemariechen\u201c schafft es tats\u00e4chlich, einen Offizier hochzuheben. Irgendwas ist da vertauscht.<\/p>\n<p class=\"richtext text-em-55 !leading-serif mx-6 desktop:mx-0\">Die Reise mit einem Traumschiff bietet auch einige \u00dcberraschungen. Auf dem Schiffsklo wird ein Nutzer, der wirklich sehr dringend auf das stille \u00d6rtchen m\u00f6chte, mit einem \u201eAll-you-can-piss\u201c-Angebot konfrontiert. Auch werden die m\u00e4nnlichen G\u00e4ste beim Einchecken auf das Schiff gefragt, ob sie ein Onanierzimmer ben\u00f6tigen. Beim M\u00e4delsabend in einer Kabine zelebrieren die vier Frauen eine Kochshow, als w\u00e4re es ein Fu\u00dfballspiel, bei dem die M\u00e4nner alles kommentieren. \u201eNein, der wird doch jetzt nicht Petersilie dazugeben?\u201c Bier und Fangesang fehlen dabei auch nicht.<\/p>\n<p class=\"richtext text-em-55 !leading-serif mx-6 desktop:mx-0\">Das Bestellverhalten von M\u00e4nnlein und Weiblein am Pool wird aufs Korn genommen. \u201eF\u00fcnf Bier!\u201c, rufen die Jungs, w\u00e4hrend sich die M\u00e4dels nicht so leicht entscheiden k\u00f6nnen. \u201eHaben Sie Cola Zero?\u201c \u201eNein\u201c, antwortet der Kellner. \u201eWarum nicht?\u201c, lautet die Frage. \u201eIch bin nur der Kellner\u201c, die Antwort. Eine komplizierte Bestellung und ebenso komplizierte aufgeteilte Abrechnung. \u201eDas ist wie im wahren Leben\u201c, lacht eine Besucherin. Beim anschlie\u00dfenden \u201eBella Napoli\u201c steht der Saal, auch auf den St\u00fchlen, und alle singen mit.<\/p>\n","protected":false},"excerpt":{"rendered":"Die gut besuchte erste Sitzung fand Samstag, 17. Januar, statt. Die n\u00e4chsten sind f\u00fcr den 24. und 31.&hellip;\n","protected":false},"author":2,"featured_media":728913,"comment_status":"","ping_status":"","sticky":false,"template":"","format":"standard","meta":{"footnotes":"","_share_on_mastodon":"0"},"categories":[1849],"tags":[29736,2326,3364,29,548,663,3934,30,61045,13,141856,97415,167427,83466,4455,14,15,1209,12],"class_list":["post-728912","post","type-post","status-publish","format-standard","has-post-thumbnail","category-moenchengladbach","tag-jecken","tag-bier","tag-de","tag-deutschland","tag-eu","tag-europa","tag-europe","tag-germany","tag-gestaltet","tag-headlines","tag-hehler","tag-kellner","tag-komplizierte","tag-lennartz","tag-moenchengladbach","tag-nachrichten","tag-news","tag-nordrhein-westfalen","tag-schlagzeilen"],"share_on_mastodon":{"url":"https:\/\/pubeurope.com\/@de\/115918551404724895","error":""},"_links":{"self":[{"href":"https:\/\/www.europesays.com\/de\/wp-json\/wp\/v2\/posts\/728912","targetHints":{"allow":["GET"]}}],"collection":[{"href":"https:\/\/www.europesays.com\/de\/wp-json\/wp\/v2\/posts"}],"about":[{"href":"https:\/\/www.europesays.com\/de\/wp-json\/wp\/v2\/types\/post"}],"author":[{"embeddable":true,"href":"https:\/\/www.europesays.com\/de\/wp-json\/wp\/v2\/users\/2"}],"replies":[{"embeddable":true,"href":"https:\/\/www.europesays.com\/de\/wp-json\/wp\/v2\/comments?post=728912"}],"version-history":[{"count":0,"href":"https:\/\/www.europesays.com\/de\/wp-json\/wp\/v2\/posts\/728912\/revisions"}],"wp:featuredmedia":[{"embeddable":true,"href":"https:\/\/www.europesays.com\/de\/wp-json\/wp\/v2\/media\/728913"}],"wp:attachment":[{"href":"https:\/\/www.europesays.com\/de\/wp-json\/wp\/v2\/media?parent=728912"}],"wp:term":[{"taxonomy":"category","embeddable":true,"href":"https:\/\/www.europesays.com\/de\/wp-json\/wp\/v2\/categories?post=728912"},{"taxonomy":"post_tag","embeddable":true,"href":"https:\/\/www.europesays.com\/de\/wp-json\/wp\/v2\/tags?post=728912"}],"curies":[{"name":"wp","href":"https:\/\/api.w.org\/{rel}","templated":true}]}}