{"id":72894,"date":"2025-04-30T09:50:13","date_gmt":"2025-04-30T09:50:13","guid":{"rendered":"https:\/\/www.europesays.com\/de\/72894\/"},"modified":"2025-04-30T09:50:13","modified_gmt":"2025-04-30T09:50:13","slug":"songcheck-esc-2025-35-frankreich-maman-von-louane","status":"publish","type":"post","link":"https:\/\/www.europesays.com\/de\/72894\/","title":{"rendered":"Songcheck ESC 2025 (35) \u2013 Frankreich: \u201emaman\u201c von Louane"},"content":{"rendered":"<p>\t\t<img decoding=\"async\" class=\"wp-worthy-pixel-img skip-lazy \" src=\"https:\/\/www.europesays.com\/de\/wp-content\/uploads\/2025\/04\/639d87f5804f4a588f58b851be41ea8a.gif\" loading=\"eager\" data-no-lazy=\"1\" data-skip-lazy=\"1\" height=\"1\" width=\"1\" alt=\"\"\/><a href=\"https:\/\/i0.wp.com\/esc-kompakt.de\/wp-content\/uploads\/2025\/04\/img_4984-1-e1745939429364.jpg?quality=89&amp;ssl=1\" target=\"_blank\" rel=\"noopener\"><img loading=\"lazy\" data-recalc-dims=\"1\" decoding=\"async\" class=\"size-full wp-image-147544\" src=\"https:\/\/www.europesays.com\/de\/wp-content\/uploads\/2025\/04\/img_4984-1-e1745939429364.jpg\" alt=\"\" width=\"723\" height=\"872\"  \/><\/a>Bild: Damian Krisl \/ eurovision.tv<\/p>\n<p>Frankreich kam in diesem Jahr wieder einmal ganz ohne Vorentscheid zu seinem Beitrag f\u00fcr den Eurovision Song Contest. Bereits Ende letzten Jahres kamen Ger\u00fcchte zu potenziellen Acts auf, die die Grande Nation beim ESC 2025 Basel vertreten k\u00f6nnten. Hierbei fiel immer wieder auch ihr Name: Louane. Die S\u00e4ngerin stritt lange Zeit ab, eine ESC-Teilnahme zu planen. Im Januar stellte sich aber heraus, <a href=\"https:\/\/esc-kompakt.de\/medienbericht-louane-soll-frankreich-beim-eurovision-song-contest-2025-vertreten\/\" target=\"_blank\" rel=\"noopener\">dass das nur ein Ablekungsman\u00f6ver war.<\/a><\/p>\n<p><a href=\"https:\/\/shop.katjes.de\/\" aria-label=\"ESC Kompakt Banner\" target=\"_blank\" rel=\"noopener\"><img loading=\"lazy\" decoding=\"async\" src=\"https:\/\/www.europesays.com\/de\/wp-content\/uploads\/2025\/04\/1746006613_567_ESC-Kompakt-Banner.jpg\" alt=\"\"   width=\"450\" height=\"450\" style=\"display: inline-block;\"\/><\/a><\/p>\n<p>In Wahrheit hatte der franz\u00f6sische Rundfunk France 2 intern bestimmt, Louane nach Basel zu schicken. <a href=\"https:\/\/www.youtube.com\/watch?v=W6cp9FakTlo&amp;pp=ygUGbG91YW5l\" target=\"_blank\" rel=\"noopener\">Die Musikerin hatte bereits europaweite Hits<\/a> und ihr Lied \u201eAvenir\u201c ist selbst heute, \u00fcber zehn Jahre nach Ver\u00f6ffentlichung, immer noch im Radio zu h\u00f6ren. Die heute 28-j\u00e4hrige Louane hat unter anderem auch deutsche und polnische Wurzeln. Innerhalb von zwei Jahren verlor sie beide Elternteile.<\/p>\n<p><a href=\"https:\/\/malta.reise\/?utm_source=banner+&amp;utm_medium=website+&amp;utm_campaign=raffle+doubletree+&amp;utm_id=ESC\" aria-label=\"MTA Malta Banner\" target=\"_blank\" rel=\"noopener\"><img loading=\"lazy\" decoding=\"async\" src=\"https:\/\/www.europesays.com\/de\/wp-content\/uploads\/2025\/04\/1746006613_349_MTA-Malta-Banner.jpg\" alt=\"\"   width=\"450\" height=\"349\" style=\"display: inline-block;\"\/><\/a><\/p>\n<p>Ihre Mutter meldete Louane damals bei der Castingshow The Voice, la plus belle voix an, bei der es Louane bis ins Halbfinale schaffte. Ihre musikalische Karriere hat sie somit ihrer verstorbenen Mutter zu verdanken. Aus diesem Grund ver\u00f6ffentlichte Louane schon 2015 einen Song mit dem Titel \u201eMaman\u201c, welcher auf ihrem mehrfach ausgezeichneten Deb\u00fctalbum Chambre 12 erschien. Neben der Musik ist die K\u00fcnstlerin auch als Schauspielerin erfolgreich.<\/p>\n<p><strong>Das Lied<\/strong><\/p>\n<p>Von Anfang an stand f\u00fcr Louane fest, beim ESC einen Song f\u00fcr ihre verstorbene Mutter zu singen, die den ESC selbst liebte. <a href=\"https:\/\/esc-kompakt.de\/frankreichs-beitrag-fuer-den-esc-2025-maman-von-louane\/\" target=\"_blank\" rel=\"noopener\">Als letzter der diesj\u00e4hrigen Beitr\u00e4ge wurde Frankreichs Beitrag \u201emaman\u201c dann Mitte M\u00e4rz ver\u00f6ffentlicht.<\/a> Dabei entschieden sich die Verantwortlichen, Louanes Song pomp\u00f6s zu inszenieren und w\u00e4hrend der Halbzeit eines gro\u00dfen Rugbyspiels im Stade de France zu pr\u00e4sentieren.<\/p>\n<p>\u201emaman\u201c ist eine klassische Ballade, die komplett in Landessprache performt wird. Louane singt davon, dass sie ihrer Mutter f\u00fcr alles dankbar ist und wie schwer es war, ihren Tod zu akzeptieren. Sie sch\u00f6pft jedoch neue Kraft daraus, dass sie nun selbst ihre m\u00fctterliche Liebe weitergeben kann. Auch Louanes Tochter ist ganz am Schluss des Songs zu h\u00f6ren. Musikalisch klingt die Nummer sehr authentisch, klassisch und enth\u00e4lt viele Percussions-Elemente, die f\u00fcr eine fesselnde Dynamik sorgen.<\/p>\n<p>Insbesondere Louane selbst steht dabei im Mittelpunkt, da ihre kraftvolle Stimme in dem Lied sehr gut zur Geltung kommt. Geschrieben wurde der Song von Louane zusammen mit Songwriter Tristan Salvati, der den Track auch produziert hat. Laut Wettquoten <a href=\"https:\/\/esc-kompakt.de\/wettquoten-update-esc-2025-jj-aus-oesterreich-ist-kaj-aus-schweden-ganz-dicht-auf-den-fersen\/\" target=\"_blank\" rel=\"noopener\">k\u00f6nnte Frankreich in diesem Jahr um den Sieg mitspielen.<\/a> Vor wenigen Tagen wurde <a href=\"https:\/\/www.youtube.com\/watch?v=rxuuG3WmXVE&amp;pp=ygUMbG91YW5lIG1hbWFu\" target=\"_blank\" rel=\"noopener\">auch das offizielle Musikvideo zu \u201emaman\u201c ver\u00f6ffentlicht.<\/a><\/p>\n<\/p>\n<p>Louane wird <a href=\"https:\/\/esc-kompakt.de\/eurovision-song-contest-2025-zweites-halbfinale-das-ist-die-offizielle-startreihenfolge\/\" target=\"_blank\" rel=\"noopener\">im zweiten Halbfinale<\/a> am 15. Mai 2025 zwischen Startplatz 10 und 11 auftreten, ist aber als Repr\u00e4sentantin eines Big-5-Landes schon f\u00fcr das Finale gesetzt.<\/p>\n<p><strong>Der Check<\/strong><\/p>\n<p>Song: 3\/5 Punkten<br \/>Stimme: 5\/5 Punkten<br \/>Darbietung: 4,5\/5 Punkten<br \/>Instant Appeal: 3\/5 Punkten<\/p>\n<p><strong>Chris:<\/strong> Die teilweise Begeisterung kann ich wirklich nicht nachvollziehen. Es ist eine gute Ballade, aber wir haben dieses Jahr bessere am Start. <strong>7 Punkte<\/strong><\/p>\n<p><strong>Laureen:<\/strong> Ein Text und eine Geschichte so alt wie der ESC. Trotzdem tut der franz\u00f6sische Beitrag nicht weh und mit jedem weiteren H\u00f6ren sogar ganz gut. Von den franz\u00f6sischsprachigen Beitr\u00e4gen in diesem Jahr ist es trotzdem nicht mein liebster. Gespannt bin ich auf die Inszenierung. Das war im Stade de France nat\u00fcrlich ein wenig dr\u00fcber. <strong>6 Punkte<\/strong><\/p>\n<p><strong>Max:\u00a0<\/strong>Es ist nicht der allergr\u00f6\u00dfte Wurf \u2013 zumindest nicht der, den man nach dem Hype erwartet hatte. Es ist dennoch ein sehr starker, dramatischer Song mit einer sehr ber\u00fchrenden Botschaft. Ich bin gespannt, was Louane in Basel auf die B\u00fchne zaubert, der Auftritt im Stadion war ganz nett aber f\u00fcr den ESC braucht es nat\u00fcrlich etwas anderes.<strong> 8 Punkte<\/strong><\/p>\n<p><strong>Peter:<\/strong> Klar, Geigen gehen immer. Aber die Vorschusslorbeeren f\u00fcr \u201emaman\u201c inklusive der guten Wettquoten sind aus meiner kleinen subjektiven Sicht \u00fcbertrieben. Das pl\u00e4tschert und pl\u00e4tschert und pl\u00e4tschert \u2013 und h\u00e4tte Louane nicht so eine fantastische Stimme und w\u00e4re franz\u00f6sisch nicht so eine ergreifend eindringliche Sprache, w\u00fcrde der Song untergehen. Der vielgeliebte Songtext ist logischerweise emotional packend, aber die Hommage an die eigene Mama ist jetzt auch nicht das erste Mal in der Popmusik der letzten hundert Jahre. <strong>5 Punkte<\/strong><\/p>\n<p><strong>Rick:<\/strong> Tolle Melodie und ein sch\u00f6ner, ergreifender Text. Louane finde ich zudem schon immer ganz besonders. Meinen musikalischen Geschmack treffen solche schweren Balladen aber nicht, deshalb ist \u201emaman\u201c auch kein Top-Favorit von mir. Trotzdem muss ich anerkennen, dass sich die Nummer qualitativ auf einem sehr hohen Niveau befindet. <strong>6 Punkte<\/strong><\/p>\n<p>Punktzahlen der anderen Blogger*innen:<\/p>\n<ul>\n<li><strong>Benny: 8 Punkte<\/strong><\/li>\n<li><strong>Berenike: 6 Punkte<\/strong><\/li>\n<li><strong>Danio: 10 Punkte<\/strong><\/li>\n<li><strong>Douze Points: 5 Punkte<\/strong><\/li>\n<li><strong>Giulia: 6 Punkte<\/strong><\/li>\n<li><strong>Manu: 5 Punkte<\/strong><\/li>\n<\/ul>\n<p><strong>Gesamtpunktzahl aller Blogger*innen: 72\/132 Punkten.<\/strong><\/p>\n<p><a href=\"https:\/\/esc-kompakt.de\/esc-barometer-2025-8-frankreich-sichert-sich-platz-in-der-top-10-georgien-wird-durchgereicht\/\" target=\"_blank\" rel=\"noopener\">Beim ESC-kompakt-Index landet \u201emaman\u201c auf Platz 10.<\/a><\/p>\n<\/p>\n<p><img data-recalc-dims=\"1\" loading=\"lazy\" decoding=\"async\" src=\"https:\/\/www.europesays.com\/de\/wp-content\/uploads\/2025\/04\/1746006613_922_loading.gif\" width=\"16\" height=\"16\" alt=\"Wird geladen ...\" title=\"Wird geladen ...\" class=\"wp-polls-image\"\/>\u00a0Wird geladen &#8230;<\/p>\n<p><strong>Bisher erschienene Songchecks<\/strong><\/p>\n<p><strong>Erstes Halbfinale<\/strong><\/p>\n<p><strong>Zweites Halbfinale<\/strong><\/p>\n<p><strong>Finale<\/strong><\/p>\n<p>Gef\u00e4llt mir:<\/p>\n<p>Gef\u00e4llt mir Wird geladen\u00a0\u2026<\/p>\n<p><a class=\"sd-link-color\"\/><\/p>\n<p>\n\t\u00c4hnliche Beitr\u00e4ge\n<\/p>\n<p><br style=\"clear: both; display: block; float: none;\"\/><\/p>\n<p>\tEntdecke mehr von ESC kompakt<\/p>\n<p class=\"has-text-align-center\" style=\"margin-top:10px;margin-bottom:10px;font-size:15px\">Melde dich f\u00fcr ein Abonnement an, um die neuesten Beitr\u00e4ge per E-Mail zu erhalten.<\/p>\n","protected":false},"excerpt":{"rendered":"Bild: Damian Krisl \/ eurovision.tv Frankreich kam in diesem Jahr wieder einmal ganz ohne Vorentscheid zu seinem Beitrag&hellip;\n","protected":false},"author":2,"featured_media":72895,"comment_status":"","ping_status":"","sticky":false,"template":"","format":"standard","meta":{"footnotes":""},"categories":[1772],"tags":[29,214,30,1779,810,215],"class_list":{"0":"post-72894","1":"post","2":"type-post","3":"status-publish","4":"format-standard","5":"has-post-thumbnail","7":"category-musik","8":"tag-deutschland","9":"tag-entertainment","10":"tag-germany","11":"tag-music","12":"tag-musik","13":"tag-unterhaltung"},"share_on_mastodon":{"url":"https:\/\/pubeurope.com\/@de\/114426296769382940","error":""},"_links":{"self":[{"href":"https:\/\/www.europesays.com\/de\/wp-json\/wp\/v2\/posts\/72894","targetHints":{"allow":["GET"]}}],"collection":[{"href":"https:\/\/www.europesays.com\/de\/wp-json\/wp\/v2\/posts"}],"about":[{"href":"https:\/\/www.europesays.com\/de\/wp-json\/wp\/v2\/types\/post"}],"author":[{"embeddable":true,"href":"https:\/\/www.europesays.com\/de\/wp-json\/wp\/v2\/users\/2"}],"replies":[{"embeddable":true,"href":"https:\/\/www.europesays.com\/de\/wp-json\/wp\/v2\/comments?post=72894"}],"version-history":[{"count":0,"href":"https:\/\/www.europesays.com\/de\/wp-json\/wp\/v2\/posts\/72894\/revisions"}],"wp:featuredmedia":[{"embeddable":true,"href":"https:\/\/www.europesays.com\/de\/wp-json\/wp\/v2\/media\/72895"}],"wp:attachment":[{"href":"https:\/\/www.europesays.com\/de\/wp-json\/wp\/v2\/media?parent=72894"}],"wp:term":[{"taxonomy":"category","embeddable":true,"href":"https:\/\/www.europesays.com\/de\/wp-json\/wp\/v2\/categories?post=72894"},{"taxonomy":"post_tag","embeddable":true,"href":"https:\/\/www.europesays.com\/de\/wp-json\/wp\/v2\/tags?post=72894"}],"curies":[{"name":"wp","href":"https:\/\/api.w.org\/{rel}","templated":true}]}}