{"id":728999,"date":"2026-01-18T23:46:11","date_gmt":"2026-01-18T23:46:11","guid":{"rendered":"https:\/\/www.europesays.com\/de\/728999\/"},"modified":"2026-01-18T23:46:11","modified_gmt":"2026-01-18T23:46:11","slug":"nach-zweimonatiger-schliessung-oeffnet-zoo-hellabrunn-die-voliere","status":"publish","type":"post","link":"https:\/\/www.europesays.com\/de\/728999\/","title":{"rendered":"Nach zweimonatiger Schlie\u00dfung \u00f6ffnet Zoo Hellabrunn die Voliere"},"content":{"rendered":"<p class=\"mb-6 text-xs md:text-m lg:text-l font-serif group-[.font-sans]:font-sans \">\n    Gute Nachrichten f\u00fcr Besucher des M\u00fcnchner Tierparks Hellabrunn: Eine beliebte Attraktion hat nach etwa zweimonatiger Schlie\u00dfung wieder ge\u00f6ffnet.\n  <\/p>\n<p class=\"mb-6 text-xs md:text-m lg:text-l font-serif group-[.font-sans]:font-sans \">\n    Seit Ende Oktober konnten G\u00e4ste nicht mehr die Gro\u00dfvoliere betreten, in der unter anderem Papageien, St\u00f6rche und Kraniche hausen. Der Grund: <a href=\"https:\/\/www.augsburger-allgemeine.de\/bayern\/vogelgrippe-in-bayern-wo-es-faelle-gibt-und-welche-regeln-gelten-gefluegelpest-18-11-2025-112765699\" target=\"_self\" class=\"underline \" rel=\"noopener\">Zu diesem Zeitpunkt herrschte in Bayern ein erh\u00f6htes Risiko durch die Vogelgrippe.<\/a> Um die Tiere zu sch\u00fctzen, wurde der rund 5000 Quadratmeter gro\u00dfe Bereich geschlossen.\n  <\/p>\n<p class=\"mb-6 text-xs md:text-m lg:text-l font-serif group-[.font-sans]:font-sans \">\n    Auch der <a href=\"https:\/\/www.augsburger-allgemeine.de\/augsburg\/vogelgrippe-erreicht-den-augsburger-zoo-das-sind-auswirkungen-112954045\" target=\"_self\" class=\"underline \" rel=\"noopener\">Augsburger Zoo blieb davon nicht unber\u00fchrt: Bei einer Gans wurde das H5N1-Virus nachgewiesen<\/a>. Eine<a href=\"https:\/\/www.augsburger-allgemeine.de\/special\/augsburg-checkts\/faktencheck-augsburg-checkt-s-kann-sich-der-mensch-an-der-vogelgrippe-infizieren-112733386\" target=\"_self\" class=\"underline \" rel=\"noopener\"> Ansteckung mit der Vogelgrippe f\u00fcr Menschen ist unwahrscheinlich \u2013 aber nicht unm\u00f6glich<\/a>.\n  <\/p>\n<p>            Gefahr \u201e\u00fcberschaubar\u201c: Zoo \u00f6ffnet Pforten der Gro\u00dfvoliere<\/p>\n<p class=\"mb-6 text-xs md:text-m lg:text-l font-serif group-[.font-sans]:font-sans \">\n    Mittlerweile sei das Infektionsgeschehen \u201e\u00fcberschaubar\u201c, hei\u00dft es in einer Mitteilung des Zoos. Deswegen konnte die Voliere in dieser Woche wieder ge\u00f6ffnet werden. \u201eDas aktuelle Infektionsgeschehen im Raum <a href=\"https:\/\/www.augsburger-allgemeine.de\/orte\/aa-muenchen\" target=\"_self\" class=\"underline \" rel=\"noopener\">M\u00fcnchen<\/a> erlaubt es uns, diesen besonderen Ort wieder guten Gewissens f\u00fcr unsere G\u00e4ste zug\u00e4nglich zu machen\u201c, erkl\u00e4rte Tierparkdirektor Rasem Baban. Gleichzeitig finde weiterhin ein enger Austausch mit den zust\u00e4ndigen Beh\u00f6rden statt und man beobachte die Situation fortlaufend, um kein Risiko einzugehen.\n  <\/p>\n<p class=\"mb-6 text-xs md:text-m lg:text-l font-serif group-[.font-sans]:font-sans \">\n    In der Gro\u00dfvoliere leben neben Schwarzst\u00f6rchen auch verschiedene M\u00f6wenarten, Jungfernkraniche und Papageien.\n  <\/p>\n<p>            Zwei Pandas f\u00fcr M\u00fcnchen? Die n\u00e4chste Woche k\u00f6nnte Aufschluss geben<\/p>\n<p class=\"mb-6 text-xs md:text-m lg:text-l font-serif group-[.font-sans]:font-sans \">\n    Ohnehin ist der Blick aktuell auf den <a href=\"https:\/\/www.augsburger-allgemeine.de\/bayern\/tierpark-hellabrunn-bekommt-der-zoo-zwei-pandas-als-leihgabe-aus-china-18-01-2026-113182867\" target=\"_self\" class=\"underline \" rel=\"noopener\">Tierpark Hellabrunn gerichtet. Grund daf\u00fcr sind in den Medien kursierende Ger\u00fcchte, dass schon bald zwei Pandab\u00e4ren einziehen k\u00f6nnten.<\/a> Medienberichten zufolge k\u00f6nnte das Ger\u00fccht bereits in der kommenden Woche bei einer Pressekonferenz best\u00e4tigt werden. Damit w\u00e4re der M\u00fcnchner Tierpark Hellabrunn neben dem Berliner Zoo der einzige deutsche Zoo, der die B\u00e4ren aus China beherbergt.\n  <\/p>\n<ul data-module-id=\"DragDropModule\" class=\"flex flex-wrap justify-start group-[.no-bookmarks]:hidden\">\n<li class=\"mb-3 mr-3\">\n    Franziska Hubl<\/p>\n<p>      Icon Haken im Kreis gesetzt<\/p>\n<p>      Icon Plus im Kreis<\/p>\n<\/li>\n<li class=\"mb-3 mr-3\">\n    Vogelgrippe<\/p>\n<p>      Icon Haken im Kreis gesetzt<\/p>\n<p>      Icon Plus im Kreis<\/p>\n<\/li>\n<li class=\"mb-3 mr-3\">\n    Attraktion<\/p>\n<p>      Icon Haken im Kreis gesetzt<\/p>\n<p>      Icon Plus im Kreis<\/p>\n<\/li>\n<\/ul>\n","protected":false},"excerpt":{"rendered":"Gute Nachrichten f\u00fcr Besucher des M\u00fcnchner Tierparks Hellabrunn: Eine beliebte Attraktion hat nach etwa zweimonatiger Schlie\u00dfung wieder ge\u00f6ffnet.&hellip;\n","protected":false},"author":2,"featured_media":729000,"comment_status":"","ping_status":"","sticky":false,"template":"","format":"standard","meta":{"footnotes":""},"categories":[1827],"tags":[16671,772,29,30,167448,85394,9468,1268,41994,637,10576,121605],"class_list":{"0":"post-728999","1":"post","2":"type-post","3":"status-publish","4":"format-standard","5":"has-post-thumbnail","7":"category-muenchen","8":"tag-attraktion","9":"tag-bayern","10":"tag-deutschland","11":"tag-germany","12":"tag-grossvoliere","13":"tag-h5n1","14":"tag-infektionsgeschehen","15":"tag-muenchen","16":"tag-tierpark-hellabrunn","17":"tag-virus","18":"tag-vogelgrippe","19":"tag-zoo-augsburg"},"share_on_mastodon":{"url":"https:\/\/pubeurope.com\/@de\/115918771698375615","error":""},"_links":{"self":[{"href":"https:\/\/www.europesays.com\/de\/wp-json\/wp\/v2\/posts\/728999","targetHints":{"allow":["GET"]}}],"collection":[{"href":"https:\/\/www.europesays.com\/de\/wp-json\/wp\/v2\/posts"}],"about":[{"href":"https:\/\/www.europesays.com\/de\/wp-json\/wp\/v2\/types\/post"}],"author":[{"embeddable":true,"href":"https:\/\/www.europesays.com\/de\/wp-json\/wp\/v2\/users\/2"}],"replies":[{"embeddable":true,"href":"https:\/\/www.europesays.com\/de\/wp-json\/wp\/v2\/comments?post=728999"}],"version-history":[{"count":0,"href":"https:\/\/www.europesays.com\/de\/wp-json\/wp\/v2\/posts\/728999\/revisions"}],"wp:featuredmedia":[{"embeddable":true,"href":"https:\/\/www.europesays.com\/de\/wp-json\/wp\/v2\/media\/729000"}],"wp:attachment":[{"href":"https:\/\/www.europesays.com\/de\/wp-json\/wp\/v2\/media?parent=728999"}],"wp:term":[{"taxonomy":"category","embeddable":true,"href":"https:\/\/www.europesays.com\/de\/wp-json\/wp\/v2\/categories?post=728999"},{"taxonomy":"post_tag","embeddable":true,"href":"https:\/\/www.europesays.com\/de\/wp-json\/wp\/v2\/tags?post=728999"}],"curies":[{"name":"wp","href":"https:\/\/api.w.org\/{rel}","templated":true}]}}