{"id":729115,"date":"2026-01-19T00:58:32","date_gmt":"2026-01-19T00:58:32","guid":{"rendered":"https:\/\/www.europesays.com\/de\/729115\/"},"modified":"2026-01-19T00:58:32","modified_gmt":"2026-01-19T00:58:32","slug":"ueberraschung-vor-der-namensgebung-%c2%b7-leipziger-zeitung","status":"publish","type":"post","link":"https:\/\/www.europesays.com\/de\/729115\/","title":{"rendered":"\u00dcberraschung vor der Namensgebung \u00b7 Leipziger Zeitung"},"content":{"rendered":"<p>Noch immer kein Name \u2013 und kein Kilo schwer. Doch beides wird sich \u00e4ndern! Am Montag, dem 19. Januar 2026, endet die Frist zum Einreichen von Namensvorschl\u00e4gen f\u00fcr den Koala-Star im Leipziger Zoo. Und jetzt haben Erlinga und ihr Baby auch noch hohen Besuch bekommen. Denn neben den vertrauten Reportern des Teams von \u201eElefant, Tiger und Co.\u201c tauchten pl\u00f6tzlich andere Gesichter auf. Die LZ war dabei.<\/p>\n<p>Letzte Chance f\u00fcr Namensvorschl\u00e4ge<\/p>\n<p>Mehr als 2000 Ideen von Koala-Fans sind schon eingegangen. Ob sich der absolute Favorit schon darunter befindet? Am Montag endet die Frist, in der \u00fcber die <a href=\"https:\/\/www.zoo-leipzig.de\/aktuelles\/namensaufruf\/\" target=\"_blank\" rel=\"noopener nofollow\">Website des Leipziger Zoos<\/a> eigene Namen ins Spiel gebracht werden k\u00f6nnen.<\/p>\n<p><img decoding=\"async\" src=\"https:\/\/www.europesays.com\/de\/wp-content\/uploads\/2026\/01\/81e6309c168f4329bae70ffa9551ae22.gif\" alt=\"\" width=\"https:\/\/www.l-iz.de\/kultur\/lebensart\/2026\/01\/1\" height=\"https:\/\/www.l-iz.de\/kultur\/lebensart\/2026\/01\/1\"\/>Einen \u201eArbeitsnamen\u201c hat das im Juni letzten Jahres geborene Jungtier schon. \u201eWir wollen das kleine Wesen ja irgendwie ansprechen k\u00f6nnen\u201c, verr\u00e4t Tierpfleger Philipp H\u00fcnemeyer gegen\u00fcber der LZ. \u201eAber bei unserer Kose-Variante Knopfi wird es definitiv nicht bleiben. Zumal sie in keine indigene australische Sprache \u00fcbertragen werden k\u00f6nnte.\u201c Und ein bisschen soll der k\u00fcnftige Name auch zum Ursprung der Koalas passen.<\/p>\n<p><a href=\"https:\/\/www.europesays.com\/de\/wp-content\/uploads\/2026\/01\/IMG_4417.jpeg\"><img loading=\"lazy\" decoding=\"async\" class=\"wp-image-644089 size-full\" src=\"https:\/\/www.europesays.com\/de\/wp-content\/uploads\/2026\/01\/IMG_4417.jpeg\" alt=\"Guck mal Mama, wie gro\u00df ich schon bin! Koala-Dame Erlinga mit ihrem Nachwuchs. Foto: Benjamin Weinkauf\" width=\"3666\" height=\"2444\"  \/><\/a>Guck mal Mama, wie gro\u00df ich schon bin! Koala-Dame Erlinga mit ihrem Nachwuchs. Foto: Benjamin Weinkauf<br \/>\nDa schaut wer durchs Geh\u00f6lz<\/p>\n<p>Die Stimmen der Reporter von <a href=\"https:\/\/www.ardmediathek.de\/mdr\/elefanttigerundco\" target=\"_blank\" rel=\"noopener nofollow\">\u201eElefant, Tiger und Co.\u201c <\/a> sind Erlinga und ihrer kleinen Tochter inzwischen vertraut. Woche um Woche berichten sie \u00fcber das Leben und Werden der silbergrauen Besucherlieblinge. Doch wer stapft denn da jetzt pl\u00f6tzlich durchs Gehege?<\/p>\n<p>Die Mainzelm\u00e4nnchen haben eine Abordnung geschickt! Das ZDF-Mittagsmagazin wurde vorstellig, arbeitet an einer Reportage zur Inventur im Koala-Haus. Was wird gefressen? Und \u2013 wichtig: wieviel! Wer wiegt was und dies und das. Und gerade beim Wiegen ist jeder Tag eine \u00dcberraschung. Hatte die kleine Herzdame ohne Namen bei den Dreharbeiten f\u00fcr die aktuelle Folge der beliebten Zoo-Doku des MDR noch 860 Gramm gewogen, waren es beim Besuch aus Mainz schon 940.\u00a0<\/p>\n<p>Bis zur Taufe wird das Koala-M\u00e4dchen die Kilogrenze \u00fcberschreiten. Und entwickelt sich somit hervorragend. Jungtiere sollten in freier Wildbahn nach einem halben Jahr 500 Gramm auf die Wage bringen, wie der <a href=\"https:\/\/www.ifaw.org\/international\/journal\/koala-faq?utm_source=chatgpt.com\" target=\"_blank\" rel=\"noopener nofollow\">International Fund for Animal Welfare (IFAW) in seinem Koala-Dossier <\/a>darstellt. Auch Mama Erlinga hat von der einen zur anderen Messung zugelegt. Wer viel zu tragen hat, frisst schlie\u00dflich auch ein paar Eukalyptusbl\u00e4tter mehr.\u00a0<\/p>\n<p><a href=\"https:\/\/www.europesays.com\/de\/wp-content\/uploads\/2026\/01\/IMG_4457.jpeg\"><img loading=\"lazy\" decoding=\"async\" class=\"wp-image-644094 size-full\" src=\"https:\/\/www.europesays.com\/de\/wp-content\/uploads\/2026\/01\/IMG_4457.jpeg\" alt=\"Hoher Besuch: ein Team des ZDF-Mittagsmagazins bei Erlinga und ihrem Baby. Foto: Benjamin Weinkauf\" width=\"3286\" height=\"2190\"  \/><\/a>Hoher Besuch: ein Team des ZDF-Mittagsmagazins bei Erlinga und ihrem Baby. Foto: Benjamin Weinkauf<br \/>\nErlinga bleibt alleinerziehend<\/p>\n<p>Inzwischen wohnt auch Koala-Papa Yuma (kam aus dem <a href=\"https:\/\/zoo-duisburg.de\/\" target=\"_blank\" rel=\"noopener nofollow\">Zoo Duisburg<\/a> nach Leipzig) wieder im Nachbargehege. Um Mutter und Kind m\u00f6glichst stressfrei aufwachsen zu lassen, war dort zun\u00e4chst Stille eingekehrt. Aber kennenlernen wird er seine Tochter dennoch nicht: Koalas sind Einzelg\u00e4nger.<\/p>\n<p>Nach der Paarung gehen die Eltern getrennte Wege. Die V\u00e4ter beteiligen sich nicht an der Aufzucht. Im Tierreich nicht ungew\u00f6hnlich! So gehen u.a. auch Tiger, B\u00e4ren, Rehe und Robben einander aus dem Weg, sobald die Paarung vollzogen ist.\u00a0<\/p>\n<ul class=\"swiper-wrapper kf-gallery-photos\">\n<li class=\"swiper-slide\"><img decoding=\"async\" width=\"698\" height=\"465\" src=\"https:\/\/www.europesays.com\/de\/wp-content\/uploads\/2026\/01\/IMG_4459-698x465.jpeg\" class=\"attachment-large size-large\" alt=\"\" loading=\"lazy\"  \/>Wird seine Tochter niemals kennenlernen: Papa Yuma w\u00e4re auch in freier Wildbahn ein Einzelg\u00e4nger. Foto: Benjamin Weinkauf<\/li>\n<li class=\"swiper-slide\"><img decoding=\"async\" width=\"698\" height=\"465\" src=\"https:\/\/www.europesays.com\/de\/wp-content\/uploads\/2026\/01\/IMG_4463-698x465.jpeg\" class=\"attachment-large size-large\" alt=\"\" loading=\"lazy\"  \/>Auf Mamas R\u00fccken sitzt es sich gut. Das Koala-M\u00e4dchen erkundet die Stellen des Geheges, an denen es den besten Eukalyptus gibt. Foto: Benjamin Weinkauf<\/li>\n<li class=\"swiper-slide\"><img decoding=\"async\" width=\"698\" height=\"465\" src=\"https:\/\/www.europesays.com\/de\/wp-content\/uploads\/2026\/01\/IMG_4426-698x465.jpeg\" class=\"attachment-large size-large\" alt=\"\" loading=\"lazy\"  \/>Ihre gr\u00f6\u00dfte Kunst ist das Schlafen. Bis zu 22 Stunden am Tag k\u00f6nnen sich die Kuschelwesen im Nichtstun \u00fcben. Foto: Benjamin Weinkauf<\/li>\n<\/ul>\n<p>Noch gelten im Leipziger Zoo die Winter\u00f6ffnungszeiten (09:00 Uhr bis 17:00 Uhr). Und damit <a href=\"https:\/\/www.zoo-leipzig.de\/zoobesuch-planen\/preise-tickets\/\" target=\"_blank\" rel=\"noopener nofollow\">erm\u00e4\u00dfigte Eintrittspreise<\/a>. Erreichbar ist der Tiergarten mit der Stra\u00dfenbahnlinie 12. Die h\u00e4lt direkt vor dem Eingang. Und f\u00fcr alle, die ihre Tageskarte f\u00fcr Erwachsene, Kinder oder Familien <a href=\"https:\/\/www.zoo-leipzig.de\/en\/your-visit\/prices-tickets\/?utm_source=chatgpt.com\" target=\"_blank\" rel=\"noopener nofollow\">online buchen<\/a>, sind Nahverkehrszug, Bus oder Stra\u00dfenbahnticket (LVB Zone 110 f\u00fcr Leipzig) schon im Preis enthalten.<\/p>\n<p>Der Zoo bietet zudem ein eigenes Parkhaus an, in dessen Ensemble auch reichlich Stellfl\u00e4chen f\u00fcr Fahrr\u00e4der vorhanden sind.\u00a0<\/p>\n<p>Der <a href=\"https:\/\/www.zoo-leipzig.de\/zoobesuch-planen\/barrierefreiheit\/\" target=\"_blank\" rel=\"noopener nofollow\">Besuch des Zoos ist barrierefrei<\/a>. Besucher mit Beeintr\u00e4chtigungen erhalten ihre Tickets ohne Wartezeit direkt an der Gruppenkasse im Safari-B\u00fcro.<\/p>\n","protected":false},"excerpt":{"rendered":"Noch immer kein Name \u2013 und kein Kilo schwer. Doch beides wird sich \u00e4ndern! Am Montag, dem 19.&hellip;\n","protected":false},"author":2,"featured_media":729116,"comment_status":"","ping_status":"","sticky":false,"template":"","format":"standard","meta":{"footnotes":"","_share_on_mastodon":"0"},"categories":[1832],"tags":[5252,3364,29,30,12265,71,859,96321,7962,96319],"class_list":["post-729115","post","type-post","status-publish","format-standard","has-post-thumbnail","category-leipzig","tag-artenschutz","tag-de","tag-deutschland","tag-germany","tag-koala","tag-leipzig","tag-sachsen","tag-tierkinder","tag-zoo-leipzig","tag-zootiere"],"share_on_mastodon":{"url":"https:\/\/pubeurope.com\/@de\/115919055061261751","error":""},"_links":{"self":[{"href":"https:\/\/www.europesays.com\/de\/wp-json\/wp\/v2\/posts\/729115","targetHints":{"allow":["GET"]}}],"collection":[{"href":"https:\/\/www.europesays.com\/de\/wp-json\/wp\/v2\/posts"}],"about":[{"href":"https:\/\/www.europesays.com\/de\/wp-json\/wp\/v2\/types\/post"}],"author":[{"embeddable":true,"href":"https:\/\/www.europesays.com\/de\/wp-json\/wp\/v2\/users\/2"}],"replies":[{"embeddable":true,"href":"https:\/\/www.europesays.com\/de\/wp-json\/wp\/v2\/comments?post=729115"}],"version-history":[{"count":0,"href":"https:\/\/www.europesays.com\/de\/wp-json\/wp\/v2\/posts\/729115\/revisions"}],"wp:featuredmedia":[{"embeddable":true,"href":"https:\/\/www.europesays.com\/de\/wp-json\/wp\/v2\/media\/729116"}],"wp:attachment":[{"href":"https:\/\/www.europesays.com\/de\/wp-json\/wp\/v2\/media?parent=729115"}],"wp:term":[{"taxonomy":"category","embeddable":true,"href":"https:\/\/www.europesays.com\/de\/wp-json\/wp\/v2\/categories?post=729115"},{"taxonomy":"post_tag","embeddable":true,"href":"https:\/\/www.europesays.com\/de\/wp-json\/wp\/v2\/tags?post=729115"}],"curies":[{"name":"wp","href":"https:\/\/api.w.org\/{rel}","templated":true}]}}