{"id":729119,"date":"2026-01-19T01:00:23","date_gmt":"2026-01-19T01:00:23","guid":{"rendered":"https:\/\/www.europesays.com\/de\/729119\/"},"modified":"2026-01-19T01:00:23","modified_gmt":"2026-01-19T01:00:23","slug":"nachtyard-feiert-premiere-im-rheinriff","status":"publish","type":"post","link":"https:\/\/www.europesays.com\/de\/729119\/","title":{"rendered":"Nachtyard feiert Premiere im Rheinriff"},"content":{"rendered":"<p class=\"text_ohne_einzug richtext text-em-55 !leading-serif mx-6 desktop:mx-0\">Lange Schlangen bildeten sich am Samstagabend vor dem Rheinriff auf dem Areal B\u00f6hler. Denn der Nachtmarkt \u201eNachtyard\u201c feierte dort seinen Neustart in angesagter Location mit bew\u00e4hrtem Konzept: ein Mix aus <a href=\"https:\/\/rp-online.de\/thema\/flohmarkt\/\" rel=\"nofollow noopener\" target=\"_blank\">Flohmarkt<\/a>, Streetfood-Angebot, Handmade-Produkten und Musik.<\/p>\n<p class=\"richtext text-em-55 !leading-serif mx-6 desktop:mx-0\">Die Absage der Dezemberausgabe am vorherigen Standort auf dem Gel\u00e4nde des Blumengro\u00dfmarktes in Derendorf hatte vor allem viele Ausstellende und H\u00e4ndler kalt erwischt, die vor Weihnachten noch einmal hofften, ein Gesch\u00e4ft machen zu k\u00f6nnen. Die Gr\u00fcnde f\u00fcr das Aus sind vage. Von Seiten der Veranstalter wird auf die problematische Situation mit fehlenden Parkm\u00f6glichkeiten aufgrund der Baustelle auf verwiesen.<\/p>\n<p class=\"richtext text-em-55 !leading-serif mx-6 desktop:mx-0\">Im Rheinriff fand der Nachtyard nun einen neuen Standort. Ob er sich dort auf Dauer halten wird \u2013 geplant ist das Event einmal pro Monat stattfinden zu lassen \u2013 wird sich noch zeigen m\u00fcssen. Denn anders als zuvor m\u00fcssen Besuchende \u00fcber 18 Jahren sieben Euro Eintritt zahlen. Daf\u00fcr bekommen sie allerdings ein Getr\u00e4nk frei. F\u00fcr viele, die zur Premiere am Samstag nach L\u00f6rick kamen, war das okay. \u201eW\u00e4re kein Getr\u00e4nk enthalten, f\u00e4nde ich den Preis ganz sch\u00f6n frech\u201c, sagte Melanie Tudoris dazu. \u201eIch war wirklich entt\u00e4uscht, dass der Nachtyard im Dezember so kurzfristig abgesagt worden ist\u201c, bedauerte sie und damit war sie nicht allein. Einige der Ausstellenden, wie K\u00fcnstlerin Sigrid Busch, die ihr \u201eSilberged\u00f6ns\u201c gern dort vorgestellt h\u00e4tte, sahen es \u00e4hnlich. \u201eIch verarbeite Silberbesteck und Tortenheber zu Schmuck\u201c, erz\u00e4hlt die Derendorferin. \u201eWeil es vor Weihnachten mit dem Nachtyard und mir nicht geklappt hat, freue ich mich um so mehr, jetzt im Rheinriff dabei sein zu k\u00f6nnen.\u201c<\/p>\n<p class=\"richtext text-em-55 !leading-serif mx-6 desktop:mx-0\">Samira und Ben, die regelm\u00e4\u00dfig auf Floh- und Kunstm\u00e4rkten unterwegs sind, fanden, \u201edass die Leute hier hipper sind als bei den vorherigen Ausgaben des Nachtyards\u201c. Auch diese Meinung wurde von einigen der H\u00e4ndlerinnen geteilt. Sie glaubten, das l\u00e4ge an der Location, die besonders bei jungen Leuten bekannt und angesagt ist. Denn am Samstag konnten auch der Indoor-Beachvolleyball-Bereich und die k\u00fcnstliche Surfwelle genutzt werden.<\/p>\n<p class=\"richtext text-em-55 !leading-serif mx-6 desktop:mx-0\">\u201eAnfangs fand ich den Chlorgeruch in der Luft vom Surfbecken etwas gew\u00f6hnungsbed\u00fcrftig\u201c, meinte Besucherin Nadja und ihre Freundin Marie stimmte zu. Die beiden hatten es sich in einem der diversen Chillbereiche mit einem Cocktail gem\u00fctlich gemacht. Auf die Frage, was sie besonders interessiert, sagten sie: \u201eWir sind gar nicht so sehr wegen der Klamotten da. Wir sind \u00f6fter im Rheinriff und m\u00f6gen die Atmo hier.\u201c<\/p>\n<p class=\"richtext text-em-55 !leading-serif mx-6 desktop:mx-0\">Anreise und Parkplatzsituation am neuen Standort bewerteten die meisten positiv, ebenso den bew\u00e4hrten Mix aus Flohmarkt, der \u00fcberwiegend Bekleidung anbietet, und Kunst \u2013 wie beispielsweise ein Live-Zeichner oder Daniela Hermann, die regelm\u00e4\u00dfig bei The Clay Company in der Schinkelstra\u00dfe t\u00f6pfert und nun den Schritt wagt, ihre Keramikprodukte auf M\u00e4rkten anzubieten.<\/p>\n<p class=\"richtext text-em-55 !leading-serif mx-6 desktop:mx-0\">Einen kleinen Kritikpunkt hatten Melanie Tudoris und ihre Begleitung dann aber doch: \u201eStellenweise ist es ganz sch\u00f6n eng, wenn es so voll wie gerade ist\u201c, res\u00fcmierten die beiden. Da sahen nicht nur sie Verbesserungspotenzial.<\/p>\n<p class=\"italic richtext text-em-55 !leading-serif mx-6 desktop:mx-0\"><strong class=\"font-bold dark:text-white-solid\">Termin <\/strong>Der n\u00e4chste Nachtyard \u00f6ffnet am 21. Februar im Rheinriff auf dem Areal B\u00f6hler seine Pforten. Beginn: 18 Uhr. Alle Infos und Tickets unter: www.nachtyard.de<\/p>\n","protected":false},"excerpt":{"rendered":"Lange Schlangen bildeten sich am Samstagabend vor dem Rheinriff auf dem Areal B\u00f6hler. Denn der Nachtmarkt \u201eNachtyard\u201c feierte&hellip;\n","protected":false},"author":2,"featured_media":729120,"comment_status":"","ping_status":"","sticky":false,"template":"","format":"standard","meta":{"footnotes":"","_share_on_mastodon":"0"},"categories":[1831],"tags":[38138,167527,79057,3364,29,3405,30,18741,30536,84434,65265,1209,5239,14129,40174,17016],"class_list":["post-729119","post","type-post","status-publish","format-standard","has-post-thumbnail","category-duesseldorf","tag-areal","tag-ausstellende","tag-boehler","tag-de","tag-deutschland","tag-duesseldorf","tag-germany","tag-location","tag-loerick","tag-nachtyard","tag-neustart","tag-nordrhein-westfalen","tag-rheinriff","tag-samstag","tag-samstagabend","tag-standort"],"share_on_mastodon":{"url":"https:\/\/pubeurope.com\/@de\/115919062845292307","error":""},"_links":{"self":[{"href":"https:\/\/www.europesays.com\/de\/wp-json\/wp\/v2\/posts\/729119","targetHints":{"allow":["GET"]}}],"collection":[{"href":"https:\/\/www.europesays.com\/de\/wp-json\/wp\/v2\/posts"}],"about":[{"href":"https:\/\/www.europesays.com\/de\/wp-json\/wp\/v2\/types\/post"}],"author":[{"embeddable":true,"href":"https:\/\/www.europesays.com\/de\/wp-json\/wp\/v2\/users\/2"}],"replies":[{"embeddable":true,"href":"https:\/\/www.europesays.com\/de\/wp-json\/wp\/v2\/comments?post=729119"}],"version-history":[{"count":0,"href":"https:\/\/www.europesays.com\/de\/wp-json\/wp\/v2\/posts\/729119\/revisions"}],"wp:featuredmedia":[{"embeddable":true,"href":"https:\/\/www.europesays.com\/de\/wp-json\/wp\/v2\/media\/729120"}],"wp:attachment":[{"href":"https:\/\/www.europesays.com\/de\/wp-json\/wp\/v2\/media?parent=729119"}],"wp:term":[{"taxonomy":"category","embeddable":true,"href":"https:\/\/www.europesays.com\/de\/wp-json\/wp\/v2\/categories?post=729119"},{"taxonomy":"post_tag","embeddable":true,"href":"https:\/\/www.europesays.com\/de\/wp-json\/wp\/v2\/tags?post=729119"}],"curies":[{"name":"wp","href":"https:\/\/api.w.org\/{rel}","templated":true}]}}