{"id":729225,"date":"2026-01-19T02:02:11","date_gmt":"2026-01-19T02:02:11","guid":{"rendered":"https:\/\/www.europesays.com\/de\/729225\/"},"modified":"2026-01-19T02:02:11","modified_gmt":"2026-01-19T02:02:11","slug":"eu-startet-offensive-fuer-sichere-smart-produkte","status":"publish","type":"post","link":"https:\/\/www.europesays.com\/de\/729225\/","title":{"rendered":"EU startet Offensive f\u00fcr sichere Smart-Produkte"},"content":{"rendered":"<p>Ab September 2026 m\u00fcssen Hersteller kritische Sicherheitsl\u00fccken innerhalb von 24 Stunden melden. Der EU-weite <strong>Cyber Resilience Act<\/strong> (CRA) leitet einen Paradigmenwechsel ein \u2013 und stellt die Industrie vor gewaltige Aufgaben.<\/p>\n<p>Die erste gro\u00dfe Bew\u00e4hrungsprobe f\u00fcr Tausende Unternehmen steht bevor. Mit dem Heranr\u00fccken der Frist am 11. September 2026 tritt der Kern des neuen EU-Cybersicherheitsgesetzes in Kraft. Von diesem Stichtag an m\u00fcssen Hersteller von vernetzten Produkten aktiv ausgenutzte Schwachstellen und schwere Sicherheitsvorf\u00e4lle innerhalb eines Tages offenlegen. Eine detaillierte Meldung folgt binnen 72 Stunden. Die Adressaten: die EU-Agentur f\u00fcr Cybersicherheit <strong>ENISA<\/strong> und nationale Beh\u00f6rden.<\/p>\n<p>Der Anwendungsbereich des Gesetzes ist enorm. Es erfasst nahezu jedes Produkt mit einer digitalen Komponente, das sich vernetzen l\u00e4sst. Die Bandbreite reicht vom <strong>smartem K\u00fchlschrank<\/strong>, Babyfon oder Fitness-Tracker bis hin zu industriellen Sensoren und Steuerungssystemen f\u00fcr <strong>Industrie 4.0<\/strong>. Ausgenommen sind nur Bereiche mit speziellen EU-Vorschriften wie Medizinprodukte oder Fahrzeuge.<\/p>\n<p>\u201eSecurity by Design\u201c lautet die neue Maxime. Sicherheit muss von der ersten Produktidee an mitgedacht werden. Konkret bedeutet das:<br \/>*   Eine umfassende <strong>Cybersicherheits-Risikobewertung<\/strong> f\u00fcr jedes Produkt.<br \/>*   Die Beseitigung bekannter, ausnutzbarer Schwachstellen vor Markteinf\u00fchrung.<br \/>*   Die Bereitstellung von Sicherheitsupdates \u00fcber die gesamte Lebensdauer.<br \/>*   Die Pflicht zur Erstellung einer <strong>Software-St\u00fcckliste (SBOM)<\/strong>, die alle verbauten Komponenten offenlegt.<\/p>\n<p>Anzeige<\/p>\n<p>Viele Hersteller sind auf die Meldepflichten und Sicherheitsanforderungen des neuen EU-Gesetzes nicht vorbereitet. Unser kostenloser Cyber\u2011Security\u2011Report erkl\u00e4rt praxisnah, welche Sofortma\u00dfnahmen IT\u2011 und Produktverantwortliche jetzt umsetzen sollten \u2014 von Schwachstellenmanagement bis zur SBOM\u2011Pflicht \u2014 damit Sie Bu\u00dfgelder und Lieferketten\u2011Risiken vermeiden. Ideal f\u00fcr KMU und Hersteller vernetzter Produkte. <strong><a href=\"https:\/\/www.datenschutz-praemien.de\/skillsforwork\/cyber-security\/?af=KOOP_MFW_DSN_DNV_YES_CYBER-SECURITY_X-CWAHN-BGPID_723049\" rel=\"noopener nofollow\" style=\"color: #337ab7 !important; font-weight: bold; text-decoration: underline;\" target=\"_blank\">Jetzt kostenlosen Cyber-Security-Report herunterladen<\/a><\/strong><\/p>\n<p>F\u00fcr als \u201ekritisch\u201c eingestufte Produkte wie Passwort-Manager gelten versch\u00e4rfte Regeln, die oft eine Zertifizierung durch unabh\u00e4ngige Dritte erfordern. Am Ende steht f\u00fcr alle das <strong>CE-Kennzeichen<\/strong> \u2013 nun auch als Beleg f\u00fcr digitale Sicherheit.<\/p>\n<p>Hohe Strafen und globale Auswirkungen<\/p>\n<p>Die EU will mit dem CRA nicht nur Sicherheit, sondern auch Transparenz und Vertrauen im Binnenmarkt schaffen. Verbraucher und Gesch\u00e4ftskunden sollen endlich erkennen k\u00f6nnen, wie lange ein Hersteller sein Produkt mit Updates unterst\u00fctzt.<\/p>\n<p>Wer die Vorgaben ignoriert, riskiert viel. Die nationalen Markt\u00fcberwachungsbeh\u00f6rden k\u00f6nnen Produkte vom Markt nehmen oder R\u00fcckrufe anordnen. Die finanziellen Konsequenzen sind drastisch: Bu\u00dfgelder k\u00f6nnen bis zu <strong>15 Millionen Euro<\/strong> oder <strong>2,5 Prozent des weltweiten Jahresumsatzes<\/strong> erreichen \u2013 je nachdem, welcher Wert h\u00f6her ist.<\/p>\n<p>Experten sind sich einig: Die Regulierung wird globale Lieferketten ver\u00e4ndern. Wer in der EU Gesch\u00e4fte machen will, muss seine Produkte an die neuen Standards anpassen. Das gilt f\u00fcr Konzerne aus den USA und Asien genauso wie f\u00fcr europ\u00e4ische Mittelst\u00e4ndler.<\/p>\n<p>Wettlauf gegen die Zeit bis 2027<\/p>\n<p>F\u00fcr die Industrie hat ein Countdown begonnen. Die Implementierung der geforderten Prozesse erfordert massive Investitionen in Technologie und Personal. Besonders f\u00fcr <strong>kleine und mittlere Unternehmen (KMU)<\/strong> stellt die Umstellung eine enorme H\u00fcrde dar.<\/p>\n<p>Die Meldepflicht ab September 2026 ist nur der erste Schritt. Bis zum 11. Dezember 2027 m\u00fcssen alle Anforderungen des Gesetzes vollst\u00e4ndig umgesetzt sein. Bis dahin m\u00fcssen interne Abl\u00e4ufe f\u00fcr sicheres Design, Schwachstellenmanagement und Compliance komplett neu aufgestellt sein. Die Europ\u00e4ische Kommission plant f\u00fcr Anfang 2026 erste Leitlinien, um den \u00dcbergang zu erleichtern.<\/p>\n<p>Die Botschaft ist klar: In der EU wird Produktsicherheit k\u00fcnftig nicht als optionales Feature, sondern als Grundvoraussetzung f\u00fcr den Marktzugang verstanden. Der Druck auf die Hersteller steigt von Tag zu Tag.<\/p>\n<p>Anzeige<\/p>\n<p>PS: Die Fristen r\u00fccken n\u00e4her \u2014 und viele Firmen untersch\u00e4tzen den Aufwand f\u00fcr \u201cSecurity by Design\u201d und Schwachstellenmanagement. Der Gratis\u2011Leitfaden \u201cCyber Security Awareness Trends\u201d zeigt konkrete Schritte, wie Sie Ihre Prozesse, Update\u2011Mechanismen und Mitarbeiterschulungen schnell und kosteneffizient st\u00e4rken. Besonders hilfreich f\u00fcr KMU, die ihre Produkte marktf\u00e4hig halten m\u00fcssen. Mit Checklisten, Priorisierungen und Praxisbeispielen zur Umsetzung noch in diesem Jahr. <strong><a href=\"https:\/\/www.datenschutz-praemien.de\/skillsforwork\/cyber-security\/?af=KOOP_MFW_DSN_DNV_YES_CYBER-SECURITY_X-CWAHN-BGPID_723049\" rel=\"noopener nofollow\" style=\"color: #337ab7 !important; font-weight: bold; text-decoration: underline;\" target=\"_blank\">Kostenlosen Cyber\u2011Security\u2011Leitfaden anfordern<\/a><\/strong><\/p>\n","protected":false},"excerpt":{"rendered":"Ab September 2026 m\u00fcssen Hersteller kritische Sicherheitsl\u00fccken innerhalb von 24 Stunden melden. Der EU-weite Cyber Resilience Act (CRA)&hellip;\n","protected":false},"author":2,"featured_media":729226,"comment_status":"","ping_status":"","sticky":false,"template":"","format":"standard","meta":{"footnotes":""},"categories":[3933],"tags":[58370,331,332,43048,548,663,158,3934,3935,13,14,15,6372,167538,12,167539],"class_list":{"0":"post-729225","1":"post","2":"type-post","3":"status-publish","4":"format-standard","5":"has-post-thumbnail","7":"category-eu","8":"tag-act","9":"tag-aktuelle-nachrichten","10":"tag-aktuelle-news","11":"tag-cyber","12":"tag-eu","13":"tag-europa","14":"tag-europaeische-union","15":"tag-europe","16":"tag-european-union","17":"tag-headlines","18":"tag-nachrichten","19":"tag-news","20":"tag-offensive","21":"tag-resilience","22":"tag-schlagzeilen","23":"tag-smart-produkte"},"share_on_mastodon":{"url":"https:\/\/pubeurope.com\/@de\/115919306363322726","error":""},"_links":{"self":[{"href":"https:\/\/www.europesays.com\/de\/wp-json\/wp\/v2\/posts\/729225","targetHints":{"allow":["GET"]}}],"collection":[{"href":"https:\/\/www.europesays.com\/de\/wp-json\/wp\/v2\/posts"}],"about":[{"href":"https:\/\/www.europesays.com\/de\/wp-json\/wp\/v2\/types\/post"}],"author":[{"embeddable":true,"href":"https:\/\/www.europesays.com\/de\/wp-json\/wp\/v2\/users\/2"}],"replies":[{"embeddable":true,"href":"https:\/\/www.europesays.com\/de\/wp-json\/wp\/v2\/comments?post=729225"}],"version-history":[{"count":0,"href":"https:\/\/www.europesays.com\/de\/wp-json\/wp\/v2\/posts\/729225\/revisions"}],"wp:featuredmedia":[{"embeddable":true,"href":"https:\/\/www.europesays.com\/de\/wp-json\/wp\/v2\/media\/729226"}],"wp:attachment":[{"href":"https:\/\/www.europesays.com\/de\/wp-json\/wp\/v2\/media?parent=729225"}],"wp:term":[{"taxonomy":"category","embeddable":true,"href":"https:\/\/www.europesays.com\/de\/wp-json\/wp\/v2\/categories?post=729225"},{"taxonomy":"post_tag","embeddable":true,"href":"https:\/\/www.europesays.com\/de\/wp-json\/wp\/v2\/tags?post=729225"}],"curies":[{"name":"wp","href":"https:\/\/api.w.org\/{rel}","templated":true}]}}