{"id":729380,"date":"2026-01-19T03:40:19","date_gmt":"2026-01-19T03:40:19","guid":{"rendered":"https:\/\/www.europesays.com\/de\/729380\/"},"modified":"2026-01-19T03:40:19","modified_gmt":"2026-01-19T03:40:19","slug":"bremen-vor-transfer-von-jagusic","status":"publish","type":"post","link":"https:\/\/www.europesays.com\/de\/729380\/","title":{"rendered":"Bremen vor Transfer von Jagu\u0161i\u0107"},"content":{"rendered":"<p>Der SV Werder Bremen steht kurz vor der Verpflichtung des kroatischen Mittelfeldtalents Adriano Jagu\u0161i\u0107. Nach Informationen von Transferexperte Fabrizio Romano n\u00e4hern sich die Verhandlungen mit seinem aktuellen Klub NK Slaven Belupo Koprivnica dem Abschluss.<\/p>\n<p>Das Gesamtpaket f\u00fcr den 20-j\u00e4hrigen Spielmacher soll sich demnach auf eine feste Abl\u00f6sesumme von rund 6 Millionen Euro belaufen, erg\u00e4nzt durch m\u00f6gliche Bonuszahlungen.<\/p>\n<p>Jagu\u0161i\u0107 machte in der laufenden Saison in Kroatien mit acht Toren und sechs Vorlagen in 20 Pflichtspielen auf sich aufmerksam und gilt als einer der spannendsten offensiven Akteure seiner Heimat. Der kroatische U21-Nationalspieler wird an der Weser als perspektivische Verst\u00e4rkung f\u00fcr das offensive Mittelfeld eingeordnet, zumal die Zukunft von Romano Schmid \u00fcber den Winter hinaus als offen gilt.<\/p>\n<p><\/p>\n","protected":false},"excerpt":{"rendered":"Der SV Werder Bremen steht kurz vor der Verpflichtung des kroatischen Mittelfeldtalents Adriano Jagu\u0161i\u0107. Nach Informationen von Transferexperte&hellip;\n","protected":false},"author":2,"featured_media":667781,"comment_status":"","ping_status":"","sticky":false,"template":"","format":"standard","meta":{"footnotes":""},"categories":[1824],"tags":[4808,31078,167565,2217,2420,3364,29,347,30,15,5422,265,924,1288,2627,5421],"class_list":{"0":"post-729380","1":"post","2":"type-post","3":"status-publish","4":"format-standard","5":"has-post-thumbnail","7":"category-bremen","8":"tag-1-bundesliga","9":"tag-2025-26","10":"tag-adriano-jagusic","11":"tag-bilanz","12":"tag-bremen","13":"tag-de","14":"tag-deutschland","15":"tag-fussball","16":"tag-germany","17":"tag-news","18":"tag-quote","19":"tag-sport","20":"tag-statistik","21":"tag-transfers","22":"tag-verletzungen","23":"tag-wechsel"},"share_on_mastodon":{"url":"https:\/\/pubeurope.com\/@de\/115919691736928060","error":""},"_links":{"self":[{"href":"https:\/\/www.europesays.com\/de\/wp-json\/wp\/v2\/posts\/729380","targetHints":{"allow":["GET"]}}],"collection":[{"href":"https:\/\/www.europesays.com\/de\/wp-json\/wp\/v2\/posts"}],"about":[{"href":"https:\/\/www.europesays.com\/de\/wp-json\/wp\/v2\/types\/post"}],"author":[{"embeddable":true,"href":"https:\/\/www.europesays.com\/de\/wp-json\/wp\/v2\/users\/2"}],"replies":[{"embeddable":true,"href":"https:\/\/www.europesays.com\/de\/wp-json\/wp\/v2\/comments?post=729380"}],"version-history":[{"count":0,"href":"https:\/\/www.europesays.com\/de\/wp-json\/wp\/v2\/posts\/729380\/revisions"}],"wp:featuredmedia":[{"embeddable":true,"href":"https:\/\/www.europesays.com\/de\/wp-json\/wp\/v2\/media\/667781"}],"wp:attachment":[{"href":"https:\/\/www.europesays.com\/de\/wp-json\/wp\/v2\/media?parent=729380"}],"wp:term":[{"taxonomy":"category","embeddable":true,"href":"https:\/\/www.europesays.com\/de\/wp-json\/wp\/v2\/categories?post=729380"},{"taxonomy":"post_tag","embeddable":true,"href":"https:\/\/www.europesays.com\/de\/wp-json\/wp\/v2\/tags?post=729380"}],"curies":[{"name":"wp","href":"https:\/\/api.w.org\/{rel}","templated":true}]}}