{"id":729458,"date":"2026-01-19T04:25:10","date_gmt":"2026-01-19T04:25:10","guid":{"rendered":"https:\/\/www.europesays.com\/de\/729458\/"},"modified":"2026-01-19T04:25:10","modified_gmt":"2026-01-19T04:25:10","slug":"so-sind-die-umspannwerke-geschuetzt","status":"publish","type":"post","link":"https:\/\/www.europesays.com\/de\/729458\/","title":{"rendered":"So sind die Umspannwerke gesch\u00fctzt"},"content":{"rendered":"<p class=\"text_ohne_einzug richtext text-em-55 !leading-serif mx-6 desktop:mx-0\"> Auf den ersten Blick wirken viele Umspannwerke wenig gesch\u00fctzt: Z\u00e4une, die \u00fcberwindbar scheinen, frei zug\u00e4ngliche Anlagen unter freiem Himmel. Dieser Eindruck t\u00e4uscht nicht vollst\u00e4ndig. \u201eEs gibt keine un\u00fcberwindbaren Z\u00e4une\u201c, sagt ein Sprecher der NEW. Wer gezielt Schaden anrichten wolle, lasse sich davon nicht aufhalten. \u201eDiejenigen, die so etwas machen, gehen durch, nicht \u00fcber den Zaun.\u201c<\/p>\n","protected":false},"excerpt":{"rendered":"Auf den ersten Blick wirken viele Umspannwerke wenig gesch\u00fctzt: Z\u00e4une, die \u00fcberwindbar scheinen, frei zug\u00e4ngliche Anlagen unter freiem&hellip;\n","protected":false},"author":2,"featured_media":729459,"comment_status":"","ping_status":"","sticky":false,"template":"","format":"standard","meta":{"footnotes":""},"categories":[1849],"tags":[2140,14723,3364,29,548,663,3934,167573,30,13,10347,88819,7593,4455,14,15,1209,12,22954,9905,167574,167572,9851,143508],"class_list":{"0":"post-729458","1":"post","2":"type-post","3":"status-publish","4":"format-standard","5":"has-post-thumbnail","7":"category-moenchengladbach","8":"tag-angriff","9":"tag-anlagen","10":"tag-de","11":"tag-deutschland","12":"tag-eu","13":"tag-europa","14":"tag-europe","15":"tag-freiluftanlagen","16":"tag-germany","17":"tag-headlines","18":"tag-lage","19":"tag-lasse","20":"tag-massnahmen","21":"tag-moenchengladbach","22":"tag-nachrichten","23":"tag-news","24":"tag-nordrhein-westfalen","25":"tag-schlagzeilen","26":"tag-schutz","27":"tag-sprecher","28":"tag-umspannanlagen","29":"tag-umspannwerke","30":"tag-zaun","31":"tag-zaeune"},"share_on_mastodon":{"url":"https:\/\/pubeurope.com\/@de\/115919868660503004","error":""},"_links":{"self":[{"href":"https:\/\/www.europesays.com\/de\/wp-json\/wp\/v2\/posts\/729458","targetHints":{"allow":["GET"]}}],"collection":[{"href":"https:\/\/www.europesays.com\/de\/wp-json\/wp\/v2\/posts"}],"about":[{"href":"https:\/\/www.europesays.com\/de\/wp-json\/wp\/v2\/types\/post"}],"author":[{"embeddable":true,"href":"https:\/\/www.europesays.com\/de\/wp-json\/wp\/v2\/users\/2"}],"replies":[{"embeddable":true,"href":"https:\/\/www.europesays.com\/de\/wp-json\/wp\/v2\/comments?post=729458"}],"version-history":[{"count":0,"href":"https:\/\/www.europesays.com\/de\/wp-json\/wp\/v2\/posts\/729458\/revisions"}],"wp:featuredmedia":[{"embeddable":true,"href":"https:\/\/www.europesays.com\/de\/wp-json\/wp\/v2\/media\/729459"}],"wp:attachment":[{"href":"https:\/\/www.europesays.com\/de\/wp-json\/wp\/v2\/media?parent=729458"}],"wp:term":[{"taxonomy":"category","embeddable":true,"href":"https:\/\/www.europesays.com\/de\/wp-json\/wp\/v2\/categories?post=729458"},{"taxonomy":"post_tag","embeddable":true,"href":"https:\/\/www.europesays.com\/de\/wp-json\/wp\/v2\/tags?post=729458"}],"curies":[{"name":"wp","href":"https:\/\/api.w.org\/{rel}","templated":true}]}}