{"id":729547,"date":"2026-01-19T05:22:13","date_gmt":"2026-01-19T05:22:13","guid":{"rendered":"https:\/\/www.europesays.com\/de\/729547\/"},"modified":"2026-01-19T05:22:13","modified_gmt":"2026-01-19T05:22:13","slug":"so-hat-sich-nach-der-amokfahrt-in-muenchen-das-sicherheitskonzept-fuer-demonstrationen-veraendert","status":"publish","type":"post","link":"https:\/\/www.europesays.com\/de\/729547\/","title":{"rendered":"So hat sich nach der Amokfahrt in M\u00fcnchen das Sicherheitskonzept f\u00fcr Demonstrationen ver\u00e4ndert"},"content":{"rendered":"<p class=\"mb-6 text-xs md:text-m lg:text-l font-serif group-[.font-sans]:font-sans \">\n    In <a href=\"https:\/\/www.augsburger-allgemeine.de\/orte\/aa-muenchen\" target=\"_self\" class=\"underline \" rel=\"nofollow noopener\">M\u00fcnchen<\/a> steht der Attent\u00e4ter vor Gericht, der vor fast einem Jahr mit seinem Auto in einen M\u00fcnchner Demonstrationszug gerast ist. An vier von f\u00fcnf Werktagen wird diese Woche verhandelt. Farhad N., der nach seiner Amokfahrt noch vor Ort festgenommen wurde, schweigt zu den Vorw\u00fcrfen. Er soll sich mit seinem Mini Cooper an den Polizeiautos vorbeigeschl\u00e4ngelt haben, die den Zug mit 1400 Teilnehmenden sicherten. Eine 37-J\u00e4hrige und ihre Tochter starben. So haben sich die Sicherheitsvorkehrungen nach der Amokfahrt ge\u00e4ndert.\n  <\/p>\n<p>            Wie war die Demonstration am 13. Februar 2025 gesch\u00fctzt? <\/p>\n<p class=\"mb-6 text-xs md:text-m lg:text-l font-serif group-[.font-sans]:font-sans \">\n    Der Protestzug f\u00fcr bessere Arbeitsbedingungen im \u00d6ffentlichen Dienst, der durch die Innenstadt zum K\u00f6nigsplatz f\u00fchren sollte, wurde von f\u00fcnf Polizeifahrzeugen und einem Unfallwagen eskortiert, die das Ende des Zuges sicherten und den nachfolgenden Verkehr auf Schrittgeschwindigkeit herunter bremsten. Zus\u00e4tzlich begleiteten Polizeibeamte zu Fu\u00df die Demonstrierenden. Doch es half nichts: Farhad H. n\u00e4herte sich \u00fcber eine Seitenstra\u00dfe, <a href=\"https:\/\/www.augsburger-allgemeine.de\/bayern\/terror-prozess-um-muenchner-amokfahrt-angeklagter-provoziert-mit-islamistenfinger-113178577\" target=\"_self\" class=\"underline \" rel=\"nofollow noopener\">fand offensichtlich eine L\u00fccke zwischen den Polizeifahrzeugen und gab Gas<\/a>.\n  <\/p>\n<p>            Wer ist f\u00fcr den Schutz von \u00f6ffentlichen Veranstaltungen zust\u00e4ndig? <\/p>\n<p class=\"mb-6 text-xs md:text-m lg:text-l font-serif group-[.font-sans]:font-sans \">\n    In M\u00fcnchen arbeitet die Stadt, in diesem Fall das Kreisverwaltungsreferat, eng mit den Veranstaltern und der Polizei zusammen. Um ein Schutzkonzept entwickeln zu k\u00f6nnen, muss jede Versammlung im \u00f6ffentlichen Raum angemeldet werden. Das k\u00f6nnen \u2013 gerade am Wochenende \u2013 mehrere Dutzend sein. Am vergangenen Samstag zum Beispiel waren 17 Veranstaltungen angemeldet \u2013 vom Cannabisverband Bayern <a href=\"https:\/\/www.augsburger-allgemeine.de\/augsburg\/omas-gegen-rechts-demonstrieren-vor-der-kommunalwahl-in-augsburg-fuer-demokratische-werte-113121625\" target=\"_self\" class=\"underline \" rel=\"nofollow noopener\">\u00fcber die Omas gegen Rechts<\/a> bis hin zu einer Politkundgebung der Partei Volt.\n  <\/p>\n<p>    <img decoding=\"async\" src=\"https:\/\/www.europesays.com\/de\/wp-content\/uploads\/2026\/01\/kzhoukayto-v4-ax-s2048.jpg\" alt=\"Der Amokfahrer hatte sich mit seinem Kleinwagen an f\u00fcnf Polizeifahrzeugen vorbeigeschl\u00e4ngelt. \" title=\"Der Amokfahrer hatte sich mit seinem Kleinwagen an f\u00fcnf Polizeifahrzeugen vorbeigeschl\u00e4ngelt. \" class=\"h-full w-full object-cover\"\/><\/p>\n<p>      Icon vergr\u00f6\u00dfern<\/p>\n<p>    Der Amokfahrer hatte sich mit seinem Kleinwagen an f\u00fcnf Polizeifahrzeugen vorbeigeschl\u00e4ngelt.<br \/>\n    Foto: Matthias Balk, dpa<\/p>\n<p>        Schlie\u00dfen <\/p>\n<p>      Icon Schlie\u00dfen<\/p>\n<p>        Icon vergr\u00f6\u00dfern<\/p>\n<p>        Icon verkleinern<\/p>\n<p>      Icon Pfeil bewegen<\/p>\n<p>    Der Amokfahrer hatte sich mit seinem Kleinwagen an f\u00fcnf Polizeifahrzeugen vorbeigeschl\u00e4ngelt.<br \/>\n    Foto: Matthias Balk, dpa<\/p>\n<p>            Wurde nach der Amokfahrt das Sicherheitskonzept in M\u00fcnchen ver\u00e4ndert? <\/p>\n<p class=\"mb-6 text-xs md:text-m lg:text-l font-serif group-[.font-sans]:font-sans \">\n    Ja. Der Stadtrat hat die Mittel zum Schutz von Menschenmengen in diesem Jahr aufgestockt, ein Ampelsystem wurde entwickelt. Je nach Anzahl der Teilnehmenden, dem Veranstaltungsort, den Zufahrtswegen und auch der Symbolkraft und Brisanz einer Veranstaltung wird der Schutzbedarf bewertet. Gr\u00fcn hei\u00dft kein besonderer Schutz, bei Gelb wird ein Zufahrtsschutz intensiv gepr\u00fcft und bei Rot werden Sperren aufgebaut. \u201eBereits vor dem Anschlag haben die Sicherheitsbeh\u00f6rden bestimmte Veranstaltungen mit <a href=\"https:\/\/www.augsburger-allgemeine.de\/bayern\/sicherheitskonzept-weihnachtsmarkt-poller-in-augsburg-kommen-auf-den-pruefstand-113077648\" target=\"_self\" class=\"underline \" rel=\"nofollow noopener\">mobilen Fahrsicherheitsbarrieren \u2013 umgangssprachlich: \u00dcberfahrschutz \u2013 gesch\u00fctzt<\/a>\u201c, hei\u00dft es aus dem Kreisverwaltungsreferat. Man habe im Jahr 2025 Veranstaltungen \u201ehinsichtlich der Absicherung gegen \u00dcberfahrtaten erneut gepr\u00fcft und sie, soweit erforderlich, weiter verbessert\u201c. Die Landeshauptstadt hat weitere mobile Sperren angeschafft. Auch die Gewerkschaft Verdi betont auf Anfrage unserer Redaktion: \u201eWir haben unsere Sicherheitskonzepte, gerade bei Demonstrationen, kritisch \u00fcberpr\u00fcft. In enger Abstimmung mit den Beh\u00f6rden werden unter anderem Gef\u00e4hrdungslagen genauer bewertet, Ordnerkonzepte angepasst, An- und Abfahrtswege st\u00e4rker ber\u00fccksichtigt und auch unsere Ordnerinnen und Ordner verst\u00e4rkt sensibilisiert und geschult.\u201c\n  <\/p>\n<p>            Kann die Stadt eingreifen, wenn die Gefahr einer Amokfahrt zu gro\u00df ist? <\/p>\n<p class=\"mb-6 text-xs md:text-m lg:text-l font-serif group-[.font-sans]:font-sans \">\n    Die Landeshauptstadt pr\u00fcft laut Kreisverwaltungsreferat immer, \u201eob eine Versammlung im Hinblick auf \u00dcberfahr-Taten besonders schutzbed\u00fcrftig ist\u201c. Wenn n\u00f6tig, wird mit Veranstaltern nach M\u00f6glichkeiten gesucht, den Schutz vor solchen Taten zu verbessern. Letztlich kann die Beh\u00f6rde aber Versammlungen nur dann beschr\u00e4nken und auf einen sicheren Platz verlegen, wenn eine unmittelbare Gefahr vorliegt. Wenn also tats\u00e4chlich Anhaltspunkte f\u00fcr eine Amokfahrt gegeben sind. Aus dem Prozess gegen Farhad N. erhofft sich die Stadt \u201eweitere Erkenntnisse, um den \u00f6ffentlichen Raum noch besser zu sch\u00fctzen\u201c.\n  <\/p>\n<ul data-module-id=\"DragDropModule\" class=\"flex flex-wrap justify-start group-[.no-bookmarks]:hidden\">\n<li class=\"mb-3 mr-3\">\n    Sarah Ritschel<\/p>\n<p>      Icon Haken im Kreis gesetzt<\/p>\n<p>      Icon Plus im Kreis<\/p>\n<\/li>\n<li class=\"mb-3 mr-3\">\n    Amokfahrt<\/p>\n<p>      Icon Haken im Kreis gesetzt<\/p>\n<p>      Icon Plus im Kreis<\/p>\n<\/li>\n<li class=\"mb-3 mr-3\">\n    M\u00fcnchen<\/p>\n<p>      Icon Haken im Kreis gesetzt<\/p>\n<p>      Icon Plus im Kreis<\/p>\n<\/li>\n<\/ul>\n","protected":false},"excerpt":{"rendered":"In M\u00fcnchen steht der Attent\u00e4ter vor Gericht, der vor fast einem Jahr mit seinem Auto in einen M\u00fcnchner&hellip;\n","protected":false},"author":2,"featured_media":729548,"comment_status":"","ping_status":"","sticky":false,"template":"","format":"standard","meta":{"footnotes":"","_share_on_mastodon":"0"},"categories":[1827],"tags":[17872,513,772,507,29,2690,30,15158,1268,5775,121,9852,15156],"class_list":["post-729547","post","type-post","status-publish","format-standard","has-post-thumbnail","category-muenchen","tag-amokfahrt","tag-auto","tag-bayern","tag-demonstration","tag-deutschland","tag-gericht","tag-germany","tag-mini-cooper","tag-muenchen","tag-oberlandesgericht","tag-polizei","tag-schutzkonzept","tag-vereinte-dienstleistungsgewerkschaft"],"share_on_mastodon":{"url":"https:\/\/pubeurope.com\/@de\/115920092916362297","error":""},"_links":{"self":[{"href":"https:\/\/www.europesays.com\/de\/wp-json\/wp\/v2\/posts\/729547","targetHints":{"allow":["GET"]}}],"collection":[{"href":"https:\/\/www.europesays.com\/de\/wp-json\/wp\/v2\/posts"}],"about":[{"href":"https:\/\/www.europesays.com\/de\/wp-json\/wp\/v2\/types\/post"}],"author":[{"embeddable":true,"href":"https:\/\/www.europesays.com\/de\/wp-json\/wp\/v2\/users\/2"}],"replies":[{"embeddable":true,"href":"https:\/\/www.europesays.com\/de\/wp-json\/wp\/v2\/comments?post=729547"}],"version-history":[{"count":0,"href":"https:\/\/www.europesays.com\/de\/wp-json\/wp\/v2\/posts\/729547\/revisions"}],"wp:featuredmedia":[{"embeddable":true,"href":"https:\/\/www.europesays.com\/de\/wp-json\/wp\/v2\/media\/729548"}],"wp:attachment":[{"href":"https:\/\/www.europesays.com\/de\/wp-json\/wp\/v2\/media?parent=729547"}],"wp:term":[{"taxonomy":"category","embeddable":true,"href":"https:\/\/www.europesays.com\/de\/wp-json\/wp\/v2\/categories?post=729547"},{"taxonomy":"post_tag","embeddable":true,"href":"https:\/\/www.europesays.com\/de\/wp-json\/wp\/v2\/tags?post=729547"}],"curies":[{"name":"wp","href":"https:\/\/api.w.org\/{rel}","templated":true}]}}