{"id":729688,"date":"2026-01-19T06:46:24","date_gmt":"2026-01-19T06:46:24","guid":{"rendered":"https:\/\/www.europesays.com\/de\/729688\/"},"modified":"2026-01-19T06:46:24","modified_gmt":"2026-01-19T06:46:24","slug":"grab-von-helmut-schmidt-erneut-mit-hakenkreuzen-beschmiert-2","status":"publish","type":"post","link":"https:\/\/www.europesays.com\/de\/729688\/","title":{"rendered":"Grab von Helmut Schmidt erneut mit Hakenkreuzen beschmiert"},"content":{"rendered":"<p _ngcontent-sc113=\"\"> 19. Januar 2026 \u2013 Isabell W\u00fcppenhorst <\/p>\n<p _ngcontent-sc113=\"\">Im Dezember 2023 wurde das Grab des fr\u00fcheren Bundeskanzlers und seiner Frau Loki schon einmal beschmiert. Nun wiederholte sich eine solche Tat auf dem Friedhof in Hamburg-Ohlsdorf.<\/p>\n<p _ngcontent-sc85=\"\" align=\"false\">Das Grab des ehemaligen Bundeskanzlers Helmut Schmidt und seiner Frau Loki ist in Hamburg erneut mit Hakenkreuzen beschmiert worden. Polizisten h\u00e4tten die orangefarbenen Schmierereien auf der Grabplatte auf dem Friedhof Ohlsdorf unterdessen abgedeckt, sagte ein Polizeisprecher am Abend. Zuvor hatten mehrere Medien \u00fcber den Vorfall berichtet.<\/p>\n<p>Nicht das erste Mal<\/p>\n<p _ngcontent-sc85=\"\" align=\"false\">Bereits im Dezember 2023 hatte es eine \u00e4hnliche Tat gegeben. &#8222;Es war die gleiche Grabplatte, die gleichen Hakenkreuze in der gleichen Farbe&#8220;, sagte der Sprecher. Der Staatsschutz ermittelt. Helmut Schmidt (SPD) war von 1974 bis 1982 Bundeskanzler. Er starb im November 2015, seine Ehefrau bereits 2010.<\/p>\n<p>Weitere News On Air<\/p>\n<p _ngcontent-sc85=\"\" align=\"false\">Weitere Nachrichten aus Hamburg, Deutschland und der Welt h\u00f6rt ihr immer zur vollen Stunde bei uns im Programm. Holt euch einfach unsere <a _ngcontent-sc133=\"\" href=\"https:\/\/www.radiohamburg.de\/programm\/frequenzen\/Streamen-%C3%BCber-die-App-id388032.html\" rel=\"nofollow noopener\" target=\"_blank\">kostenlose App<\/a>, h\u00f6rt uns \u00fcber euren <a _ngcontent-sc133=\"\" href=\"https:\/\/www.radiohamburg.de\/programm\/frequenzen\/Alexa-spiele-Radio-Hamburg-id387722.html\" rel=\"nofollow noopener\" target=\"_blank\">Smartspeaker<\/a> oder schaltet mit einem Klick unten auf den Playbutton das Webradio ein. Zum Nachh\u00f6ren gibt&#8217;s das Ganze nat\u00fcrlich auch noch mal als <a _ngcontent-sc133=\"\" href=\"https:\/\/www.radiohamburg.de\/hoeren\/podcasts\/Radio-Hamburg-Nachrichten-id388455.html\" rel=\"nofollow noopener\" target=\"_blank\">Podcastangebot<\/a>.<\/p>\n<p><img decoding=\"async\" _ngcontent-sc130=\"\" class=\"\" src=\"https:\/\/www.europesays.com\/de\/wp-content\/uploads\/2025\/04\/app.jpg\" alt=\"App, App Store, iOS, Play Store, Google\" title=\"App, App Store, iOS, Play Store, Google\"\/><\/p>\n<p>Foto: Bloomicon \/ Shutterstock.com<\/p>\n<p> F\u00fcr iOS &amp; Android <\/p>\n<p>Holt euch die kostenlose Radio Hamburg App<\/p>\n<p _ngcontent-sc85=\"\" align=\"false\">H\u00f6rt uns an jedem Ort auf der Welt in bester Qualit\u00e4t &amp; st\u00f6rungsfrei \u00fcber unsere kostenlose App. Holt sie euch jetzt f\u00fcr Android oder iOS.<\/p>\n","protected":false},"excerpt":{"rendered":"19. Januar 2026 \u2013 Isabell W\u00fcppenhorst Im Dezember 2023 wurde das Grab des fr\u00fcheren Bundeskanzlers und seiner Frau&hellip;\n","protected":false},"author":2,"featured_media":729689,"comment_status":"","ping_status":"","sticky":false,"template":"","format":"standard","meta":{"footnotes":"","_share_on_mastodon":"0"},"categories":[1826],"tags":[29,167628,30,167630,167626,167625,692,15404,167627,14741,167629],"class_list":["post-729688","post","type-post","status-publish","format-standard","has-post-thumbnail","category-hamburg","tag-deutschland","tag-friedhof-ohlsdorf","tag-germany","tag-grab-bundeskanzler","tag-grab-helmut-schmidt","tag-hakenkrezuze","tag-hamburg","tag-helmut-schmidt","tag-loki-schmitdt","tag-ohlsdorf","tag-parkfriedhof"],"share_on_mastodon":{"url":"https:\/\/pubeurope.com\/@de\/115920423191762764","error":""},"_links":{"self":[{"href":"https:\/\/www.europesays.com\/de\/wp-json\/wp\/v2\/posts\/729688","targetHints":{"allow":["GET"]}}],"collection":[{"href":"https:\/\/www.europesays.com\/de\/wp-json\/wp\/v2\/posts"}],"about":[{"href":"https:\/\/www.europesays.com\/de\/wp-json\/wp\/v2\/types\/post"}],"author":[{"embeddable":true,"href":"https:\/\/www.europesays.com\/de\/wp-json\/wp\/v2\/users\/2"}],"replies":[{"embeddable":true,"href":"https:\/\/www.europesays.com\/de\/wp-json\/wp\/v2\/comments?post=729688"}],"version-history":[{"count":0,"href":"https:\/\/www.europesays.com\/de\/wp-json\/wp\/v2\/posts\/729688\/revisions"}],"wp:featuredmedia":[{"embeddable":true,"href":"https:\/\/www.europesays.com\/de\/wp-json\/wp\/v2\/media\/729689"}],"wp:attachment":[{"href":"https:\/\/www.europesays.com\/de\/wp-json\/wp\/v2\/media?parent=729688"}],"wp:term":[{"taxonomy":"category","embeddable":true,"href":"https:\/\/www.europesays.com\/de\/wp-json\/wp\/v2\/categories?post=729688"},{"taxonomy":"post_tag","embeddable":true,"href":"https:\/\/www.europesays.com\/de\/wp-json\/wp\/v2\/tags?post=729688"}],"curies":[{"name":"wp","href":"https:\/\/api.w.org\/{rel}","templated":true}]}}