{"id":729994,"date":"2026-01-19T09:46:11","date_gmt":"2026-01-19T09:46:11","guid":{"rendered":"https:\/\/www.europesays.com\/de\/729994\/"},"modified":"2026-01-19T09:46:11","modified_gmt":"2026-01-19T09:46:11","slug":"rb-leipzig-timo-werner-macht-medizincheck-in-berlin-sport","status":"publish","type":"post","link":"https:\/\/www.europesays.com\/de\/729994\/","title":{"rendered":"RB Leipzig: Timo Werner macht Medizincheck in Berlin | Sport"},"content":{"rendered":"<p><b>Dick in Wintersachen eingepackt und kaum erkennbar war auch Timo Werner (29) am Samstag beim Topspiel gegen die Bayern mittendrin. Vorm Anpfiff kam er kurz runter in den Innenraum, herzte seinen guten Freund Kevin Kampl (35\/Karriereende) zum Abschied.<\/b><\/p>\n<p>Das Spiel verfolgte Werner dann, wie schon in den letzten Wochen, wieder nur von der Trib\u00fcne aus. Im Kader war kein Platz f\u00fcr ihn, weil es wenig Verletzte gibt und Trainer Ole Werner (37) auf j\u00fcngere Spieler mit Perspektive setzt.<\/p>\n<p>Werners Zeit in Leipzig l\u00e4uft ohnehin ab. Er steht vorm Wechsel zu MLS-Klub San Jos\u00e9 Earthquakes. Und da wurde die n\u00e4chste H\u00fcrde nun genommen. Nach BILD-Informationen hat der St\u00fcrmer den obligatorischen Medizincheck absolviert \u2013 in Berlin!<\/p>\n<p>Mehr zum ThemaErfolgreicher Medizincheck bei Timo Werner <\/p>\n<p>Das ist nicht un\u00fcblich. So f\u00fchrte <a href=\"https:\/\/www.bild.de\/sport\/fussball\/rb-leipzig\/startseite-leipzig-31148870.bild.html\" class=\"text-link\" target=\"_blank\" rel=\"noopener\">RB Leipzig<\/a> hier einst auch den \u201eMedical\u201c von Mohamed Simakan (25) durch, bevor der 2024 zu al-Nassr FC nach Saudi-Arabien wechselte. Nun war Werner da, die \u00c4rzte gaben gr\u00fcnes Licht. Und dem Wechsel steht zumindest in der Hinsicht nichts im Wege.<\/p>\n<p>Am kommenden Freitag \u00f6ffnet das Transfenster in den USA. Allerdings: Nach BILD-Informationen soll sich der Wechsel noch etwas ziehen und nicht in den ersten Tagen \u00fcber die B\u00fchne gehen. Druck ist ohnehin nicht drauf. Das Transferfenster ist bis 26. M\u00e4rz ge\u00f6ffnet. Die 31. Major-League-Soccer-Saison beginnt dann am 21. Februar 2026.<\/p>\n<p>Und in der wird auch Timo Werner dabei sein &#8230;<\/p>\n<p>Nach Gala gegen Leipzig: Bayern-Star crasht Gnabry-Interview<a class=\"anchor video-teaser__anchor\" href=\"https:\/\/www.bild.de\/sport\/fussball\/nach-gala-gegen-leipzig-bayern-star-crasht-gnabry-interview-696c04346955340abc4cb499\" target=\"_blank\" rel=\"noopener\"><img decoding=\"async\" width=\"992\" height=\"558\" alt=\"\" src=\"https:\/\/www.europesays.com\/de\/wp-content\/uploads\/2026\/01\/9d96ffa7425985e3b3f9278efe2dbef5,e7884a74.jpeg\"   class=\"landscape teaser__image\" loading=\"lazy\"\/><\/a><\/p>\n<p>Quelle: DFL17.01.2026<\/p>\n<p>R\u00e4tsel um DFB-Juwel Ou\u00e9draogo<\/p>\n<p>Gegen Bayern war Leipzig-Juwel Assan Ou\u00e9draogo (19) nur Zuschauer \u2013 seine alte Verletzung ist wieder aufgebrochen, in der linken Kniekehle hat sich Fl\u00fcssigkeit angesammelt.<\/p>\n<p>Trainer Ole Werner (37): \u201eWir werden jetzt besprechen, wie wir das Ganze behandeln, und davon wird abh\u00e4ngen, wie lange er ausf\u00e4llt. Klar ist, er wird erst mal fehlen.\u201c Intern geht man auf jeden Fall von einer Pause bis Ende Februar aus.<\/p>\n<p>Auch eine Operation, auf die man bei der ersten Verletzung im November noch verzichtete, ist nicht g\u00e4nzlich ausgeschlossen. Ou\u00e9draogo ber\u00e4t sich mit seinem Umfeld, holt sich mehrere Meinungen ein. Dann wird entschieden.<\/p>\n","protected":false},"excerpt":{"rendered":"Dick in Wintersachen eingepackt und kaum erkennbar war auch Timo Werner (29) am Samstag beim Topspiel gegen die&hellip;\n","protected":false},"author":2,"featured_media":729995,"comment_status":"","ping_status":"","sticky":false,"template":"","format":"standard","meta":{"footnotes":""},"categories":[136],"tags":[1263,296,1260,29,538,347,30,167691,71,19326,24705,1655,103323,803,265,3460,4581,45,1261,2627,539,38935],"class_list":{"0":"post-729994","1":"post","2":"type-post","3":"status-publish","4":"format-standard","5":"has-post-thumbnail","7":"category-sport","8":"tag-aufmacher-bereich","9":"tag-berlin","10":"tag-deutsche-nationalmannschaft","11":"tag-deutschland","12":"tag-erste-bundesliga","13":"tag-fussball","14":"tag-germany","15":"tag-kniekehle","16":"tag-leipzig","17":"tag-major-league-soccer","18":"tag-nagelsmann-julian","19":"tag-rb-leipzig","20":"tag-san-jose","21":"tag-spielertransfer","22":"tag-sport","23":"tag-sport-leuchtturm-leipzig","24":"tag-sport-tag-im-ticker","25":"tag-texttospeech","26":"tag-toralarm-top-news","27":"tag-verletzungen","28":"tag-werner-ole","29":"tag-werner-timo"},"share_on_mastodon":{"url":"https:\/\/pubeurope.com\/@de\/115921131091279518","error":""},"_links":{"self":[{"href":"https:\/\/www.europesays.com\/de\/wp-json\/wp\/v2\/posts\/729994","targetHints":{"allow":["GET"]}}],"collection":[{"href":"https:\/\/www.europesays.com\/de\/wp-json\/wp\/v2\/posts"}],"about":[{"href":"https:\/\/www.europesays.com\/de\/wp-json\/wp\/v2\/types\/post"}],"author":[{"embeddable":true,"href":"https:\/\/www.europesays.com\/de\/wp-json\/wp\/v2\/users\/2"}],"replies":[{"embeddable":true,"href":"https:\/\/www.europesays.com\/de\/wp-json\/wp\/v2\/comments?post=729994"}],"version-history":[{"count":0,"href":"https:\/\/www.europesays.com\/de\/wp-json\/wp\/v2\/posts\/729994\/revisions"}],"wp:featuredmedia":[{"embeddable":true,"href":"https:\/\/www.europesays.com\/de\/wp-json\/wp\/v2\/media\/729995"}],"wp:attachment":[{"href":"https:\/\/www.europesays.com\/de\/wp-json\/wp\/v2\/media?parent=729994"}],"wp:term":[{"taxonomy":"category","embeddable":true,"href":"https:\/\/www.europesays.com\/de\/wp-json\/wp\/v2\/categories?post=729994"},{"taxonomy":"post_tag","embeddable":true,"href":"https:\/\/www.europesays.com\/de\/wp-json\/wp\/v2\/tags?post=729994"}],"curies":[{"name":"wp","href":"https:\/\/api.w.org\/{rel}","templated":true}]}}