{"id":730228,"date":"2026-01-19T11:58:11","date_gmt":"2026-01-19T11:58:11","guid":{"rendered":"https:\/\/www.europesays.com\/de\/730228\/"},"modified":"2026-01-19T11:58:11","modified_gmt":"2026-01-19T11:58:11","slug":"schmidt-rumposch-bleibt-pflegedirektorin-in-essen","status":"publish","type":"post","link":"https:\/\/www.europesays.com\/de\/730228\/","title":{"rendered":"Schmidt-Rumposch bleibt Pflegedirektorin in Essen"},"content":{"rendered":"<p>Der Aufsichtsrat der Universit\u00e4tsmedizin Essen hat den Vertrag mit Pflegedirektorin Andrea Schmidt-Rumposch bis Ende 2031 verl\u00e4ngert. Das hat die Unimedizin in der Vorwoche bekanntgegeben.<\/p>\n<p>Vertrag um f\u00fcnf Jahre verl\u00e4ngert<\/p>\n<p>Schmidt-Rumposch geh\u00f6rt seit 2017 dem Vorstand an und verantwortet die Pflege am Standort. Sie war zuvor an der Charit\u00e9\u00a0\u2013 Universit\u00e4tsmedizin Berlin\u00a0t\u00e4tig. Der Aufsichtsrat begr\u00fcndet die Entscheidung mit der bisherigen Arbeit der Pflegedirektorin. &#8222;Andrea Schmidt-Rumposch hat seit ihrem Amtsantritt die Qualit\u00e4t der Pflege weiter gesteigert, die Aus- und Weiterbildung professionalisiert sowie sinnvolle akademische Weiterentwicklungsm\u00f6glichkeiten etabliert&#8220;, sagte Aufsichtsratsvorsitzende B\u00e4rbel Bergerhoff-Wodopia.<\/p>\n<p>Bergerhoff-Wodopia betonte zudem: &#8222;Wir freuen uns, dass wir diese Kompetenz und auch die Pers\u00f6nlichkeit von Frau Schmidt-Rumposch weiter im Hause behalten.&#8220; Die Vertragsverl\u00e4ngerung umfasst einen Zeitraum von f\u00fcnf Jahren bis 31. Dezember 2031.<\/p>\n<p>Schmidt-Rumposch dankt f\u00fcr Vertrauen<\/p>\n<p>Schmidt-Rumposch \u00e4u\u00dferte sich ebenfalls zur Entscheidung: &#8222;Ich bedanke mich f\u00fcr das Vertrauen, das der Aufsichtsrat des Universit\u00e4tsklinikums Essen mir nun bereits seit 2017 schenkt, und freue mich auf die weitere Zusammenarbeit mit meinen Vorstandskolleginnen und -kollegen, Leitungs- und Pflegeteams \u2013 mit dem gemeinsamen Ziel einer exzellenten medizinischen und pflegerischen Versorgung.&#8220;<\/p>\n","protected":false},"excerpt":{"rendered":"Der Aufsichtsrat der Universit\u00e4tsmedizin Essen hat den Vertrag mit Pflegedirektorin Andrea Schmidt-Rumposch bis Ende 2031 verl\u00e4ngert. Das hat&hellip;\n","protected":false},"author":2,"featured_media":730229,"comment_status":"","ping_status":"","sticky":false,"template":"","format":"standard","meta":{"footnotes":"","_share_on_mastodon":"0"},"categories":[1834],"tags":[167742,3364,29,3688,30,1209,13564,167740,27513,167741],"class_list":["post-730228","post","type-post","status-publish","format-standard","has-post-thumbnail","category-essen","tag-andrea-schmidt-rumposch","tag-de","tag-deutschland","tag-essen","tag-germany","tag-nordrhein-westfalen","tag-personalie","tag-pflegeleitung","tag-pflegemanagement","tag-universitaetsmedizin-essen"],"share_on_mastodon":{"url":"https:\/\/pubeurope.com\/@de\/115921650121428852","error":""},"_links":{"self":[{"href":"https:\/\/www.europesays.com\/de\/wp-json\/wp\/v2\/posts\/730228","targetHints":{"allow":["GET"]}}],"collection":[{"href":"https:\/\/www.europesays.com\/de\/wp-json\/wp\/v2\/posts"}],"about":[{"href":"https:\/\/www.europesays.com\/de\/wp-json\/wp\/v2\/types\/post"}],"author":[{"embeddable":true,"href":"https:\/\/www.europesays.com\/de\/wp-json\/wp\/v2\/users\/2"}],"replies":[{"embeddable":true,"href":"https:\/\/www.europesays.com\/de\/wp-json\/wp\/v2\/comments?post=730228"}],"version-history":[{"count":0,"href":"https:\/\/www.europesays.com\/de\/wp-json\/wp\/v2\/posts\/730228\/revisions"}],"wp:featuredmedia":[{"embeddable":true,"href":"https:\/\/www.europesays.com\/de\/wp-json\/wp\/v2\/media\/730229"}],"wp:attachment":[{"href":"https:\/\/www.europesays.com\/de\/wp-json\/wp\/v2\/media?parent=730228"}],"wp:term":[{"taxonomy":"category","embeddable":true,"href":"https:\/\/www.europesays.com\/de\/wp-json\/wp\/v2\/categories?post=730228"},{"taxonomy":"post_tag","embeddable":true,"href":"https:\/\/www.europesays.com\/de\/wp-json\/wp\/v2\/tags?post=730228"}],"curies":[{"name":"wp","href":"https:\/\/api.w.org\/{rel}","templated":true}]}}