{"id":730514,"date":"2026-01-19T14:35:11","date_gmt":"2026-01-19T14:35:11","guid":{"rendered":"https:\/\/www.europesays.com\/de\/730514\/"},"modified":"2026-01-19T14:35:11","modified_gmt":"2026-01-19T14:35:11","slug":"bauindustrie-fordert-tempo-statt-symbolpolitik-beim-wohnbau","status":"publish","type":"post","link":"https:\/\/www.europesays.com\/de\/730514\/","title":{"rendered":"Bauindustrie fordert Tempo statt Symbolpolitik beim Wohnbau"},"content":{"rendered":"<p>Die Bauindustrie beklagt, dass schnelle L\u00f6sungen oft trotz guten Willens in der B\u00fcrokratie steckenbleiben. Was der Verband von der Politik erwartet. <\/p>\n<p>Angesichts des Wohnraummangels fordert der Bauindustrieverband Niedersachsen-Bremen von der Politik weniger Symbolik und mehr z\u00fcgiges Handeln. F\u00fcr ein schnelleres Tempo beim Bauen st\u00fcnden erprobte Instrumente bereit, sagte Hauptgesch\u00e4ftsf\u00fchrer J\u00f6rn Makko. Dazu geh\u00f6rten modulares Planen und Bauen, vereinfachte Stellplatzvorgaben, reduzierte Standards im gef\u00f6rderten Wohnungsbau und digitale Genehmigungsverfahren.\u00a0 <\/p>\n<p>Makko begr\u00fc\u00dfte zwar die \u201eBremer Erkl\u00e4rung\u201c f\u00fcr mehr bezahlbaren Wohnraum, die die f\u00fcnf norddeutschen L\u00e4nder am Freitag auf ihrem dritten Wohngipfel in der Hansestadt beschlossen hatten. Die Erkenntnisse seien aber nicht neu. \u201eWir sind \u00fcber die Phase der Gipfeltreffen l\u00e4ngst hinaus\u201c, sagte der Verbandschef. \u201eJetzt geht es nur noch um die verbindliche Umsetzung und um Geschwindigkeit.\u201c <\/p>\n<p>Aus Sicht des Verbandes fehlt es weniger an Analyse als an konsequenter Umsetzung. \u201eLange Planungs- und Genehmigungszeiten, \u00fcberkomplexe Standards, h\u00e4ufig wechselnde F\u00f6rderprogramme und zersplitterte Zust\u00e4ndigkeiten bremsen den Wohnungsbau seit langem\u201c, sagte Makko. Zugleich zeigten zahlreiche Beispiele aus L\u00e4ndern und Kommunen, dass es auch anders gehe. <\/p>\n","protected":false},"excerpt":{"rendered":"Die Bauindustrie beklagt, dass schnelle L\u00f6sungen oft trotz guten Willens in der B\u00fcrokratie steckenbleiben. Was der Verband von&hellip;\n","protected":false},"author":2,"featured_media":730515,"comment_status":"","ping_status":"","sticky":false,"template":"","format":"standard","meta":{"footnotes":""},"categories":[1824],"tags":[6399,2420,3364,29,30,5331,1411,11908],"class_list":{"0":"post-730514","1":"post","2":"type-post","3":"status-publish","4":"format-standard","5":"has-post-thumbnail","7":"category-bremen","8":"tag-bau","9":"tag-bremen","10":"tag-de","11":"tag-deutschland","12":"tag-germany","13":"tag-immobilien","14":"tag-niedersachsen","15":"tag-verbnde"},"share_on_mastodon":{"url":"https:\/\/pubeurope.com\/@de\/115922267387707021","error":""},"_links":{"self":[{"href":"https:\/\/www.europesays.com\/de\/wp-json\/wp\/v2\/posts\/730514","targetHints":{"allow":["GET"]}}],"collection":[{"href":"https:\/\/www.europesays.com\/de\/wp-json\/wp\/v2\/posts"}],"about":[{"href":"https:\/\/www.europesays.com\/de\/wp-json\/wp\/v2\/types\/post"}],"author":[{"embeddable":true,"href":"https:\/\/www.europesays.com\/de\/wp-json\/wp\/v2\/users\/2"}],"replies":[{"embeddable":true,"href":"https:\/\/www.europesays.com\/de\/wp-json\/wp\/v2\/comments?post=730514"}],"version-history":[{"count":0,"href":"https:\/\/www.europesays.com\/de\/wp-json\/wp\/v2\/posts\/730514\/revisions"}],"wp:featuredmedia":[{"embeddable":true,"href":"https:\/\/www.europesays.com\/de\/wp-json\/wp\/v2\/media\/730515"}],"wp:attachment":[{"href":"https:\/\/www.europesays.com\/de\/wp-json\/wp\/v2\/media?parent=730514"}],"wp:term":[{"taxonomy":"category","embeddable":true,"href":"https:\/\/www.europesays.com\/de\/wp-json\/wp\/v2\/categories?post=730514"},{"taxonomy":"post_tag","embeddable":true,"href":"https:\/\/www.europesays.com\/de\/wp-json\/wp\/v2\/tags?post=730514"}],"curies":[{"name":"wp","href":"https:\/\/api.w.org\/{rel}","templated":true}]}}