{"id":730808,"date":"2026-01-19T17:14:26","date_gmt":"2026-01-19T17:14:26","guid":{"rendered":"https:\/\/www.europesays.com\/de\/730808\/"},"modified":"2026-01-19T17:14:26","modified_gmt":"2026-01-19T17:14:26","slug":"cafe-neustadt-erika-kurt-uebernimmt","status":"publish","type":"post","link":"https:\/\/www.europesays.com\/de\/730808\/","title":{"rendered":"Caf\u00e9 Neustadt: Erika &#038; Kurt \u00fcbernimmt"},"content":{"rendered":"<p>Seit mehreren Monaten ist das Caf\u00e9 Neustadt an der Ecke Pulsnitzer Stra\u00dfe und Bautzner Stra\u00dfe geschlossen (<a href=\"https:\/\/www.neustadt-ticker.de\/232007\/aktuell\/geruechte\/was-wird-aus-dem-cafe-neustadt\" rel=\"nofollow noopener\" target=\"_blank\">Neustadt Gefl\u00fcster vom 15. Oktober 2025<\/a>). Lange wirkte das Eckhaus ruhig, fast vergessen. Inzwischen brennt wieder Licht, die Fenster sind abgeklebt, dahinter wird gearbeitet. In die ehemaligen R\u00e4ume des \u201eCaneu\u201c zieht \u201eErika &amp; Kurt\u201c ein \u2013 mit T\u00e4towierungen, Piercings und Handelsg\u00fctern im Gep\u00e4ck.<br \/>\n<img fetchpriority=\"high\" decoding=\"async\" src=\"https:\/\/www.europesays.com\/de\/wp-content\/uploads\/2026\/01\/2026-01-19-Kronleuchter.jpg\" alt=\"Der Kronleuchter aus einem ehemaligen Berliner Restaurant muss bleiben: Unter ihm sollen unter anderem Bon Jovi, Bruce Springsteen und Sir Ben Kingsley gesessen haben \u2013 Foto: Jonasz Schulze\" width=\"2000\" height=\"2165\" class=\"size-full wp-image-234804\"  \/>Der Kronleuchter aus einem ehemaligen Berliner Restaurant muss bleiben: Unter ihm sollen unter anderem Bon Jovi, Bruce Springsteen und Sir Ben Kingsley gesessen haben \u2013 Foto: Jonasz Schulze\n<\/p>\n<p>Ein Wechsel mit Hintergrund<\/p>\n<p>Der Umzug ist kein spontaner Schritt, sondern das Ergebnis wirtschaftlicher \u00dcberlegungen. Mandy und Sven, die K\u00f6pfe hinter Erika &amp; Kurt, waren bislang im Barockviertel ans\u00e4ssig, zuletzt mit zwei durch einen Hauseingang getrennten L\u00e4den. Textilien und Accessoires \u2013 von ihnen selbst als \u201aHandelsg\u00fcter\u2018 bezeichnet \u2013 auf der einen Seite, T\u00e4towieren und Piercen auf der anderen. Der Handelsg\u00fcter-Bereich ist bereits geschlossen. Sinkende Besucherzahlen und die bis heute sp\u00fcrbaren Folgen der Corona-Zeit h\u00e4tten den Kundenstrom deutlich reduziert. \u201eDas Barockviertel ist nicht mehr das, was es mal war\u201c, sagen sie offen. Auch Baustellen und ver\u00e4nderte Wege durch die Stadt h\u00e4tten ihren Teil dazu beigetragen.\n<\/p>\n<p>Der Wunsch, alle Bereiche wieder zusammenzuf\u00fchren, sei schon lange da gewesen. \u201eWir sind mal zusammen in einem Laden gestartet, und der Gedanke, wieder alles unter einem Dach zu haben, war nie weg\u201c, erkl\u00e4rte Sven. Als sich die M\u00f6glichkeit in der leerstehenden Immobilie an der Bautzner Stra\u00dfe ergab, passte vieles zusammen: zwei Etagen, eine markante Lage und genug Raum, um die unterschiedlichen Konzepte zu verbinden. Trotz zahlreicher Mitbewerberinnen und Mitbewerber, gr\u00f6\u00dftenteils aus der Gastronomie, fiel die Entscheidung des Eigent\u00fcmer am Ende auf Erika und Kurt.<br \/>\n<img loading=\"lazy\" decoding=\"async\" src=\"https:\/\/www.europesays.com\/de\/wp-content\/uploads\/2026\/01\/2026-01-19-SvenMandy2.jpg\" alt=\"Sven und Mandy - Foto: Jonasz Schulze\" width=\"2239\" height=\"2400\" class=\"size-full wp-image-234806\"  \/>Sven und Mandy: Die K\u00f6pfe hinter Erika &amp; Kurt in ihren neuen R\u00e4umen an der Bautzner Stra\u00dfe \u2013 Foto: Jonasz Schulze\n<\/p>\n<p>Umbau in Eigenregie<\/p>\n<p>Seit Mitte Dezember wird in den ehemaligen Caf\u00e9-R\u00e4umen gr\u00f6\u00dftenteils in Eigenregie umgebaut. Entkernung, R\u00fcckbau, Neuaufteilung: Vieles machen Mandy und Sven selbst, so wie sie es auch schon seit der Gr\u00fcndung von Erika &amp; Kurt im Jahr 2018 handhaben. \u201eWir machen fast alles alleine\u201c, sagen sie. Das sei anstrengend, habe aber auch Vorteile: \u201eDann wissen wir am Ende auch, wo welche Schraube nicht ganz fest sitzt.\u201c<\/p>\n<p>Im Erdgeschoss stehen k\u00fcnftig Handelsg\u00fcter und Begegnung im Vordergrund. T\u00e4towiert wird in der oberen Etage in einem separaten Bereich f\u00fcr konzentriertes Arbeiten, w\u00e4hrend das Piercing unten r\u00e4umlich abgetrennt stattfindet. Erg\u00e4nzt werden soll das Ganze durch kleinere Indoor-Events wie Whiskey-Tastings oder Kochabende, die den Ort auch au\u00dferhalb des Tagesbetriebs beleben sollen.\n<\/p>\n<p>Auch die Sitzm\u00f6glichkeiten vor dem Haus sollen nach M\u00f6glichkeit erhalten bleiben, vorausgesetzt, die Stadt stimmt der weiteren Nutzung zu. \u201eWir wollen, dass man reinkommt und bleiben will\u201c, beschreiben Mandy und Sven ihren Anspruch an den neuen Laden. Ein Gedanke, der auch im Namen Erika &amp; Kurt mitschwingt, der auf Svens Gro\u00dfeltern zur\u00fcckgeht und f\u00fcr Werte wie Verl\u00e4sslichkeit und Direktheit steht. Es gehe nicht nur darum, etwas zu kaufen oder sich t\u00e4towieren zu lassen, sondern um ein Miteinander. \u201eDu kannst auch alleine kommen und dich trotzdem willkommen f\u00fchlen.\u201c<br \/>\n<img loading=\"lazy\" decoding=\"async\" src=\"https:\/\/www.europesays.com\/de\/wp-content\/uploads\/2026\/01\/2026-01-19Bauarbeiten-1.jpg\" alt=\"Die beiden haben den Umbau weitgehend selbst \u00fcbernommen. Foto: Jonasz Schulze\" width=\"2400\" height=\"2241\" class=\"size-full wp-image-234803\"  \/>Seit Mitte Dezember wird in den ehemaligen Caf\u00e9-R\u00e4umen entkernt, zur\u00fcckgebaut und neu gedacht \u2013 Foto: Jonasz Schulze\n<\/p>\n<p>Er\u00f6ffnung mit Soft-Opening<\/p>\n<p>Bevor der regul\u00e4re Betrieb beginnt, ist zun\u00e4chst ein Soft-Opening geplant. In dieser Phase wollen Mandy und Sven den neuen Standort schrittweise \u00f6ffnen, Abl\u00e4ufe testen und Erfahrungen im Alltag sammeln. Die offizielle Er\u00f6ffnung ist dann f\u00fcr Ende Februar vorgesehen und soll in gewohnter Erika-&amp;-Kurt-Manier gefeiert werden.\n<\/p>\n<p>Erika &amp; Kurt<\/p>\n<p><img loading=\"lazy\" decoding=\"async\" src=\"https:\/\/www.europesays.com\/de\/wp-content\/uploads\/2026\/01\/2026-01-19-ErikaundKurtOut.jpg\" alt=\"Offizielle Er\u00f6ffnung im Februar - Erika &amp; Kurt an der Bautzner, Ecke Pulsnitzer Stra\u00dfe. Foto: Anton Launer\" width=\"2400\" height=\"1350\" class=\"size-full wp-image-234805\"  \/>Offizielle Er\u00f6ffnung im Februar \u2013 Erika &amp; Kurt an der Bautzner, Ecke Pulsnitzer Stra\u00dfe. Foto: Anton Launer<\/p>\n","protected":false},"excerpt":{"rendered":"Seit mehreren Monaten ist das Caf\u00e9 Neustadt an der Ecke Pulsnitzer Stra\u00dfe und Bautzner Stra\u00dfe geschlossen (Neustadt Gefl\u00fcster&hellip;\n","protected":false},"author":2,"featured_media":730809,"comment_status":"","ping_status":"","sticky":false,"template":"","format":"standard","meta":{"footnotes":"","_share_on_mastodon":"0"},"categories":[1835],"tags":[167854,167855,3364,29,2386,167856,30,167857,859],"class_list":["post-730808","post","type-post","status-publish","format-standard","has-post-thumbnail","category-dresden","tag-bautzener-strasse","tag-cafe-neustadt","tag-de","tag-deutschland","tag-dresden","tag-erika-kurt","tag-germany","tag-pulsnitzer-strasse","tag-sachsen"],"share_on_mastodon":{"url":"https:\/\/pubeurope.com\/@de\/115922892626939048","error":""},"_links":{"self":[{"href":"https:\/\/www.europesays.com\/de\/wp-json\/wp\/v2\/posts\/730808","targetHints":{"allow":["GET"]}}],"collection":[{"href":"https:\/\/www.europesays.com\/de\/wp-json\/wp\/v2\/posts"}],"about":[{"href":"https:\/\/www.europesays.com\/de\/wp-json\/wp\/v2\/types\/post"}],"author":[{"embeddable":true,"href":"https:\/\/www.europesays.com\/de\/wp-json\/wp\/v2\/users\/2"}],"replies":[{"embeddable":true,"href":"https:\/\/www.europesays.com\/de\/wp-json\/wp\/v2\/comments?post=730808"}],"version-history":[{"count":0,"href":"https:\/\/www.europesays.com\/de\/wp-json\/wp\/v2\/posts\/730808\/revisions"}],"wp:featuredmedia":[{"embeddable":true,"href":"https:\/\/www.europesays.com\/de\/wp-json\/wp\/v2\/media\/730809"}],"wp:attachment":[{"href":"https:\/\/www.europesays.com\/de\/wp-json\/wp\/v2\/media?parent=730808"}],"wp:term":[{"taxonomy":"category","embeddable":true,"href":"https:\/\/www.europesays.com\/de\/wp-json\/wp\/v2\/categories?post=730808"},{"taxonomy":"post_tag","embeddable":true,"href":"https:\/\/www.europesays.com\/de\/wp-json\/wp\/v2\/tags?post=730808"}],"curies":[{"name":"wp","href":"https:\/\/api.w.org\/{rel}","templated":true}]}}