{"id":73160,"date":"2025-04-30T12:16:10","date_gmt":"2025-04-30T12:16:10","guid":{"rendered":"https:\/\/www.europesays.com\/de\/73160\/"},"modified":"2025-04-30T12:16:10","modified_gmt":"2025-04-30T12:16:10","slug":"stuttgart-12-jaehriger-bei-zusammenstoss-mit-auto-schwer-verletzt-nachrichten-aus-stuttgart","status":"publish","type":"post","link":"https:\/\/www.europesays.com\/de\/73160\/","title":{"rendered":"Stuttgart: 12-J\u00e4hriger bei Zusammensto\u00df mit Auto schwer verletzt &#8211; Nachrichten aus Stuttgart"},"content":{"rendered":"<p><strong>Stuttgart.<\/strong> Bei einem Verkehrsunfall in der Hauptstra\u00dfe in Stuttgart hat sich am Montag (28.04.) ein zw\u00f6lf Jahre alter Junge schwere Verletzungen zugezogen. Das teilte die Polizei in einer Pressemitteilung mit. Was war passiert?<\/p>\n<p><a class=\"nfy-teaser nfy-ar-teaser\" id=\"nfy-teaser-inline\" data-upscore-url=\"\" href=\"https:\/\/www.zvw.de\/blaulicht\/remshalden-weinstadt-polizei-findet-mehrere-waffen-und-drogen-bei-durchsuchung_arid-949678?utm_source=empfehlungslink&amp;utm_campaign=empfehlungslink\" data-upscore-object-id=\"949678\" rel=\"nofollow noopener\" target=\"_blank\"><img loading=\"lazy\" decoding=\"async\" src=\"\/cms_media\/module_img\/6693\/3346648_2_gridmobile_31635636.jpeg\" alt=\"Symbol Polizei\" width=\"370\" height=\"229\" class=\"lazyload\" data-tmpl=\"gridmobile\"\/><img loading=\"lazy\" decoding=\"async\" src=\"https:\/\/www.europesays.com\/de\/wp-content\/uploads\/2025\/04\/icon_zvwplus.png\" width=\"75\" height=\"15\" alt=\"ZVW Plus Artikel\"\/> BlaulichtRemshalden\/Weinstadt: Polizei findet mehrere Waffen und Drogen bei Durchsuchung<\/a><\/p>\n<p>Ein 37 Jahre alter Mann war mit einem BMW gegen 13.40 Uhr in der Hauptstra\u00dfe unterwegs, als er an der Einm\u00fcndung zur Gartenstra\u00dfe mit dem Zw\u00f6lfj\u00e4hrigen zusammenstie\u00df. Ersten Ermittlungen zufolge rannte der Zw\u00f6lfj\u00e4hrige offenbar unvermittelt auf die Fahrbahn. Durch den Zusammensto\u00df zog sich der Junge schwere Verletzungen zu. Rettungskr\u00e4fte k\u00fcmmerten sich um ihn und brachten ihn in ein Krankenhaus.<\/p>\n","protected":false},"excerpt":{"rendered":"Stuttgart. Bei einem Verkehrsunfall in der Hauptstra\u00dfe in Stuttgart hat sich am Montag (28.04.) ein zw\u00f6lf Jahre alter&hellip;\n","protected":false},"author":2,"featured_media":73161,"comment_status":"","ping_status":"","sticky":false,"template":"","format":"standard","meta":{"footnotes":""},"categories":[1830],"tags":[1634,1950,3364,29,30,1441,1284],"class_list":{"0":"post-73160","1":"post","2":"type-post","3":"status-publish","4":"format-standard","5":"has-post-thumbnail","7":"category-stuttgart","8":"tag-baden-wuerttemberg","9":"tag-blaulicht","10":"tag-de","11":"tag-deutschland","12":"tag-germany","13":"tag-stuttgart","14":"tag-unfall"},"share_on_mastodon":{"url":"https:\/\/pubeurope.com\/@de\/114426870783921912","error":""},"_links":{"self":[{"href":"https:\/\/www.europesays.com\/de\/wp-json\/wp\/v2\/posts\/73160","targetHints":{"allow":["GET"]}}],"collection":[{"href":"https:\/\/www.europesays.com\/de\/wp-json\/wp\/v2\/posts"}],"about":[{"href":"https:\/\/www.europesays.com\/de\/wp-json\/wp\/v2\/types\/post"}],"author":[{"embeddable":true,"href":"https:\/\/www.europesays.com\/de\/wp-json\/wp\/v2\/users\/2"}],"replies":[{"embeddable":true,"href":"https:\/\/www.europesays.com\/de\/wp-json\/wp\/v2\/comments?post=73160"}],"version-history":[{"count":0,"href":"https:\/\/www.europesays.com\/de\/wp-json\/wp\/v2\/posts\/73160\/revisions"}],"wp:featuredmedia":[{"embeddable":true,"href":"https:\/\/www.europesays.com\/de\/wp-json\/wp\/v2\/media\/73161"}],"wp:attachment":[{"href":"https:\/\/www.europesays.com\/de\/wp-json\/wp\/v2\/media?parent=73160"}],"wp:term":[{"taxonomy":"category","embeddable":true,"href":"https:\/\/www.europesays.com\/de\/wp-json\/wp\/v2\/categories?post=73160"},{"taxonomy":"post_tag","embeddable":true,"href":"https:\/\/www.europesays.com\/de\/wp-json\/wp\/v2\/tags?post=73160"}],"curies":[{"name":"wp","href":"https:\/\/api.w.org\/{rel}","templated":true}]}}