{"id":731703,"date":"2026-01-20T01:24:12","date_gmt":"2026-01-20T01:24:12","guid":{"rendered":"https:\/\/www.europesays.com\/de\/731703\/"},"modified":"2026-01-20T01:24:12","modified_gmt":"2026-01-20T01:24:12","slug":"bahnstrecke-zwischen-hamburg-und-hannover-wird-gesperrt","status":"publish","type":"post","link":"https:\/\/www.europesays.com\/de\/731703\/","title":{"rendered":"Bahnstrecke zwischen Hamburg und Hannover wird gesperrt"},"content":{"rendered":"<p>Bahnstrecke wird gesperrt <\/p>\n<p>Sperrung im Norden trifft auch Bremen<\/p>\n<p>20.01.2026 &#8211; 02:07 UhrLesedauer: 1 Min.<\/p>\n<p><a href=\"#focus-0\" class=\"transition-colors duration-200 block text-current relative\" data-sctrack=\"FocusGalleryImage.Reference\"><img fetchpriority=\"high\" data-testid=\"Opener.Image\" style=\"--lqipURL:url('https:\/\/images.t-online.de\/2021\/05\/84811894v1\/0x0:640x360\/fit-in\/150x0\/filters:blur(25)\/ein-metronom-zug-steht-im-bahnhof-archivbild-zwischen-hamburg-und-bremen-ist-der-zugverkehr-eingeschraenkt.jpg')\"   loading=\"eager\" src=\"https:\/\/www.europesays.com\/de\/wp-content\/uploads\/2026\/01\/ein-metronom-zug-steht-im-bahnhof-archivbild-zwischen-hamburg-und-bremen-ist-der-zugverkehr-eingesch.jpeg\" alt=\"Ein Metronom-Zug steht im Bahnhof (Archivbild): Zwischen Hamburg und Bremen ist der Zugverkehr eingeschr\u00e4nkt.\" title=\"Ein Metronom-Zug steht im Bahnhof (Archivbild): Zwischen Hamburg und Bremen ist der Zugverkehr eingeschr\u00e4nkt.\" width=\"640\" height=\"360\" class=\"bg-[url:var(--lqipURL)] bg-cover bg-center flex h-full w-full max-w-full\" decoding=\"async\"\/><img style=\"--width:32;--height:32\" loading=\"lazy\" src=\"https:\/\/bremen.t-online.de\/s\/paper\/_next\/static\/media\/zoom-in.f7dae02f.svg\" alt=\"Vergr\u00f6\u00dfern des Bildes\" title=\"Vergr\u00f6\u00dfern des Bildes\" class=\"block h-[calc(var(--height)_\/_16_*_1rem)] w-[calc(var(--width)_\/_16_*_1rem)] max-w-none absolute bottom-8 right-8 rounded-4 bg-snow p-8\" decoding=\"async\"\/><\/a><\/p>\n<p>Ein Metronom-Zug steht im Bremer Hauptbahnhof (Archivbild): Zwischen Hamburg und Bremen kommt es zu Einschr\u00e4nkungen. (Quelle: Ole Spata\/Archiv\/dpa)<\/p>\n<p class=\"font-bold text-18 leading-17\">Eine Streckensperrung zwischen Hamburg und Hannover hat auch Folgen f\u00fcr Bremen. Einige Metronom-Linien fallen teilweise aus \u2013 andere halten pl\u00f6tzlich \u00fcberall.<\/p>\n<p class=\"text-18 leading-17\">Eigentlich liegt Bremen nicht auf der Strecke zwischen Hamburg und Hannover. Doch wenn die Deutsche Bahn dort ab Mai eine gro\u00dfe Qualit\u00e4tsoffensive startet, bekommen das auch Bremer Pendler zu sp\u00fcren. Denn viele Z\u00fcge m\u00fcssen umgeleitet werden, und das hat Folgen f\u00fcr den Metronom-Verkehr Richtung Hamburg.<\/p>\n<p class=\"text-18 leading-17\">Vom 1. Mai bis zum 10. Juli 2026 wird die Strecke zwischen L\u00fcneburg, Uelzen, Celle und Hannover gesperrt. F\u00fcr Bremen bedeutet dies konnkret: Die Metronom-Linie RB41 verkehrt von Montag bis Freitag nur noch auf dem Abschnitt zwischen Schee\u00dfel und Hamburg. Die Linie RE4 h\u00e4lt zwischen Rotenburg (W\u00fcmme) und Bremen an allen Zwischenhalten. Die meisten Verst\u00e4rkerz\u00fcge zwischen Tostedt und Hamburg fallen aus.<\/p>\n<p class=\"text-18 leading-17\">Die Strecke Hamburg\u2013Hannover geh\u00f6rt zu den am st\u00e4rksten beanspruchten Verbindungen im deutschen Bahnnetz. Im Rahmen der sogenannten Qualit\u00e4tsoffensive sollen unter anderem auf dem Abschnitt zwischen L\u00fcneburg und Uelzen neue elektronische Stellwerke entstehen. Au\u00dferdem wird eine moderne Leit- und Sicherungstechnik f\u00fcr Signale und \u00dcberwachungssysteme eingebaut. Arbeiten an Gleisen, Weichen, Oberleitungen und mehreren Bahnh\u00f6fen stehen ebenfalls an.<\/p>\n<p class=\"text-18 leading-17\">Ziel sei es, die Zuverl\u00e4ssigkeit und Leistungsf\u00e4higkeit des Bahnverkehrs langfristig zu verbessern, schreibt Metronom in einer Pressemitteilung. F\u00fcr das Jahr 2029 plant die Deutsche Bahn zudem eine komplette Generalsanierung der Strecke.<\/p>\n","protected":false},"excerpt":{"rendered":"Bahnstrecke wird gesperrt Sperrung im Norden trifft auch Bremen 20.01.2026 &#8211; 02:07 UhrLesedauer: 1 Min. Ein Metronom-Zug steht&hellip;\n","protected":false},"author":2,"featured_media":731704,"comment_status":"","ping_status":"","sticky":false,"template":"","format":"standard","meta":{"footnotes":""},"categories":[1824],"tags":[722,3176,2226,2420,2232,3364,2030,29,30,692,46,3601,22662,4125,68296,2224,35798,2230],"class_list":{"0":"post-731703","1":"post","2":"type-post","3":"status-publish","4":"format-standard","5":"has-post-thumbnail","7":"category-bremen","8":"tag-722","9":"tag-3176","10":"tag-bahnstrecke","11":"tag-bremen","12":"tag-celle","13":"tag-de","14":"tag-deutsche-bahn","15":"tag-deutschland","16":"tag-germany","17":"tag-hamburg","18":"tag-hannover","19":"tag-hauptbahnhof","20":"tag-lueneburg","21":"tag-pendler","22":"tag-scheessel","23":"tag-sperrung","24":"tag-streckensperrung","25":"tag-uelzen"},"share_on_mastodon":{"url":"https:\/\/pubeurope.com\/@de\/115924819440647830","error":""},"_links":{"self":[{"href":"https:\/\/www.europesays.com\/de\/wp-json\/wp\/v2\/posts\/731703","targetHints":{"allow":["GET"]}}],"collection":[{"href":"https:\/\/www.europesays.com\/de\/wp-json\/wp\/v2\/posts"}],"about":[{"href":"https:\/\/www.europesays.com\/de\/wp-json\/wp\/v2\/types\/post"}],"author":[{"embeddable":true,"href":"https:\/\/www.europesays.com\/de\/wp-json\/wp\/v2\/users\/2"}],"replies":[{"embeddable":true,"href":"https:\/\/www.europesays.com\/de\/wp-json\/wp\/v2\/comments?post=731703"}],"version-history":[{"count":0,"href":"https:\/\/www.europesays.com\/de\/wp-json\/wp\/v2\/posts\/731703\/revisions"}],"wp:featuredmedia":[{"embeddable":true,"href":"https:\/\/www.europesays.com\/de\/wp-json\/wp\/v2\/media\/731704"}],"wp:attachment":[{"href":"https:\/\/www.europesays.com\/de\/wp-json\/wp\/v2\/media?parent=731703"}],"wp:term":[{"taxonomy":"category","embeddable":true,"href":"https:\/\/www.europesays.com\/de\/wp-json\/wp\/v2\/categories?post=731703"},{"taxonomy":"post_tag","embeddable":true,"href":"https:\/\/www.europesays.com\/de\/wp-json\/wp\/v2\/tags?post=731703"}],"curies":[{"name":"wp","href":"https:\/\/api.w.org\/{rel}","templated":true}]}}