{"id":731798,"date":"2026-01-20T02:16:10","date_gmt":"2026-01-20T02:16:10","guid":{"rendered":"https:\/\/www.europesays.com\/de\/731798\/"},"modified":"2026-01-20T02:16:10","modified_gmt":"2026-01-20T02:16:10","slug":"wohnungsbrand-in-muenster-ein-mensch-in-lebensgefahr-2","status":"publish","type":"post","link":"https:\/\/www.europesays.com\/de\/731798\/","title":{"rendered":"Wohnungsbrand in M\u00fcnster &#8211; ein Mensch in Lebensgefahr"},"content":{"rendered":"<p>Bei einem Wohnungsbrand in M\u00fcnster ist ein Mensch lebensgef\u00e4hrlich verletzt worden. Die Person sei reanimiert und ins Krankenhaus gebracht worden, aber noch immer nicht au\u00dfer Gefahr, teilte die Feuerwehr mit. Alter und Geschlecht waren dem Sprecher nicht bekannt. <\/p>\n<p>Ausgangspunkt des Feuers war eine Wohnung im ersten Stock des Mehrfamilienhauses, in der ein Pflegebett aus noch ungekl\u00e4rten Gr\u00fcnden in Brand geraten war. Der Rauch breitete sich im ganzen Geb\u00e4ude aus, die Flammen griffen hingegen nicht auf andere R\u00e4ume oder Wohnungen \u00fcber. Das Haus wurde zun\u00e4chst evakuiert, sp\u00e4ter konnten die Bewohner in ihre Wohnungen zur\u00fcckkehren. <\/p>\n","protected":false},"excerpt":{"rendered":"Bei einem Wohnungsbrand in M\u00fcnster ist ein Mensch lebensgef\u00e4hrlich verletzt worden. Die Person sei reanimiert und ins Krankenhaus&hellip;\n","protected":false},"author":2,"featured_media":731799,"comment_status":"","ping_status":"","sticky":false,"template":"","format":"standard","meta":{"footnotes":""},"categories":[1843],"tags":[3364,29,987,30,8970,1209,4338],"class_list":{"0":"post-731798","1":"post","2":"type-post","3":"status-publish","4":"format-standard","5":"has-post-thumbnail","7":"category-muenster","8":"tag-de","9":"tag-deutschland","10":"tag-feuer","11":"tag-germany","12":"tag-muenster","13":"tag-nordrhein-westfalen","14":"tag-notfall"},"share_on_mastodon":{"url":"https:\/\/pubeurope.com\/@de\/115925023666993305","error":""},"_links":{"self":[{"href":"https:\/\/www.europesays.com\/de\/wp-json\/wp\/v2\/posts\/731798","targetHints":{"allow":["GET"]}}],"collection":[{"href":"https:\/\/www.europesays.com\/de\/wp-json\/wp\/v2\/posts"}],"about":[{"href":"https:\/\/www.europesays.com\/de\/wp-json\/wp\/v2\/types\/post"}],"author":[{"embeddable":true,"href":"https:\/\/www.europesays.com\/de\/wp-json\/wp\/v2\/users\/2"}],"replies":[{"embeddable":true,"href":"https:\/\/www.europesays.com\/de\/wp-json\/wp\/v2\/comments?post=731798"}],"version-history":[{"count":0,"href":"https:\/\/www.europesays.com\/de\/wp-json\/wp\/v2\/posts\/731798\/revisions"}],"wp:featuredmedia":[{"embeddable":true,"href":"https:\/\/www.europesays.com\/de\/wp-json\/wp\/v2\/media\/731799"}],"wp:attachment":[{"href":"https:\/\/www.europesays.com\/de\/wp-json\/wp\/v2\/media?parent=731798"}],"wp:term":[{"taxonomy":"category","embeddable":true,"href":"https:\/\/www.europesays.com\/de\/wp-json\/wp\/v2\/categories?post=731798"},{"taxonomy":"post_tag","embeddable":true,"href":"https:\/\/www.europesays.com\/de\/wp-json\/wp\/v2\/tags?post=731798"}],"curies":[{"name":"wp","href":"https:\/\/api.w.org\/{rel}","templated":true}]}}