{"id":731851,"date":"2026-01-20T02:45:15","date_gmt":"2026-01-20T02:45:15","guid":{"rendered":"https:\/\/www.europesays.com\/de\/731851\/"},"modified":"2026-01-20T02:45:15","modified_gmt":"2026-01-20T02:45:15","slug":"weyhe-schwangere-mit-hubarbeitsbuehne-gerettet-baby-kommt-kurz-darauf","status":"publish","type":"post","link":"https:\/\/www.europesays.com\/de\/731851\/","title":{"rendered":"Weyhe: Schwangere mit Hubarbeitsb\u00fchne gerettet &#8211; Baby kommt kurz darauf"},"content":{"rendered":"<p>        <img decoding=\"async\" src=\"https:\/\/www.europesays.com\/de\/wp-content\/uploads\/2026\/01\/babyhand100.webp.webp\" alt=\"S\u00e4ugling h\u00e4lt sich mit seiner Hand an einem Finger eines Erwachsenen fest.\" title=\"S\u00e4ugling h\u00e4lt sich mit seiner Hand an einem Finger eines Erwachsenen fest. | colourbox, alho007\" class=\"responsive\"\/><\/p>\n<p>\n                Stand: 19.01.2026 08:24 Uhr<\/p>\n<p class=\"preface\">Die Feuerwehr hat einer werdenden Mutter in Weyhe (Landkreis Diepholz) mit Hilfe einer Hubarbeitsb\u00fchne aus ihrer Wohnung geholfen. Knapp zehn Minuten sp\u00e4ter kam das Baby zur Welt.<\/p>\n<p class=\"\">Die Frau lag am Donnerstag gegen 8.20 Uhr in den Wehen und konnte nicht mehr selbstst\u00e4ndig laufen, wie ein Sprecher der Freiwilligen Feuerwehr Weyhe sagte. Gleichzeitig sei das Treppenhaus zu eng gewesen, um die hochschwangere Frau aus dem ersten Obergeschoss zu tragen. Feuerwehrkr\u00e4fte halfen ihr also \u00fcber einen Hubarbeitsb\u00fchnen-Korb aus der Wohnung. Vor dem Haus wartete den Angaben zufolge ein Rettungswagen.<\/p>\n<p>    Baby kommt im Rettungswagen zur Welt<\/p>\n<p>                    <a href=\"https:\/\/www.europesays.com\/de\/wp-content\/uploads\/2026\/01\/weyhe-104.webp.webp\" class=\"zoomimage\" title=\"Bild vergr\u00f6\u00dfern\"><\/p>\n<p>        <img decoding=\"async\" src=\"https:\/\/www.europesays.com\/de\/wp-content\/uploads\/2026\/01\/weyhe-104.webp.webp\" alt=\"Feuerwehr rettet hochschwangere Frau mit Hubarbeitsb\u00fchne in Weyhe.\" title=\"Nach rund 45 Minuten hatten die Einsatzkr\u00e4fte der Ortsfeuerwehr Leeste die werdende Mutter aus ihrer Wohnung befreit. | Freiwillige Feuerwehr Weyhe\" class=\"responsive\" loading=\"lazy\"\/><\/p>\n<p>                    <\/a><\/p>\n<p>                    Nach rund 45 Minuten hatten die Einsatzkr\u00e4fte der Ortsfeuerwehr Leeste die werdende Mutter aus ihrer Wohnung befreit.<\/p>\n<p class=\"\">Das Baby sei knapp zehn Minuten nach dem Einsatz zur Welt gekommen &#8211; noch auf dem Weg ins Krankenhaus im Rettungswagen, erkl\u00e4rte der Feuerwehrsprecher. Der kleine Jason sei wohlauf. Zur Rettung der werdenden Mutter waren den Angaben zufolge neun Feuerwehrleute im Einsatz. In Personenrettungen sind die Feuerwehrkr\u00e4fte zwar ge\u00fcbt, allerdings h\u00e4tten sie es in der Regel mit schwer kranken oder verletzten Patienten zutun, hie\u00df es von der Freiwilligen Feuerwehr Weyhe. &#8222;Dringend war es dieses Mal auch, aber aus einem deutlich erfreulicheren Anlass.&#8220;<\/p>\n<p>        <img decoding=\"async\" src=\"https:\/\/www.europesays.com\/de\/wp-content\/uploads\/2026\/01\/baby900.webp.webp\" alt=\"Die F\u00fc\u00dfe eines Babys\" title=\"Die F\u00fc\u00dfe eines Babys | NDR, Jens Pallasch\" class=\"responsive\" loading=\"lazy\"\/><\/p>\n<p>Auf dem Weg in die Klinik hat die Schwangere in Moormerland so starke Wehen bekommen, dass die Geburt nicht mehr warten konnte.<\/p>\n<p>        <img decoding=\"async\" src=\"https:\/\/www.europesays.com\/de\/wp-content\/uploads\/2025\/12\/feuerwehr4844.webp.webp\" alt=\"Das Bild zeigt eine Feuerwehrfrau im Einsatz.\" title=\"Das Bild zeigt eine Feuerwehrfrau im Einsatz. | NDR\" class=\"responsive\" loading=\"lazy\"\/><\/p>\n<p>Packende Eins\u00e4tze, mutige Rettungen und starkes Ehrenamt &#8211; eintauchen in die Welt der Feuerwehr.<\/p>\n<p>        <img decoding=\"async\" src=\"https:\/\/www.europesays.com\/de\/wp-content\/uploads\/2025\/12\/feuerwehr4812.webp.webp\" alt=\"Eine Einsatzkraft der Feuerwehr steht neben einem Einsatzfahrzeug der Feuerwehr.\" title=\"Eine Einsatzkraft der Feuerwehr steht neben einem Einsatzfahrzeug der Feuerwehr. | picture alliance\/dpa , Marijan Murat\" class=\"responsive\" loading=\"lazy\"\/><\/p>\n<p>Br\u00e4nde l\u00f6schen, Leben retten, Hilfe leisten &#8211; wie funktioniert die Feuerwehr? Antworten auf h\u00e4ufig gestellte Fragen.<\/p>\n<p>Dieses Thema im Programm:<\/p>\n<p>                NDR 1 Niedersachsen | Aktuell | 15.01.2026 | 12:00 Uhr<\/p>\n","protected":false},"excerpt":{"rendered":"Stand: 19.01.2026 08:24 Uhr Die Feuerwehr hat einer werdenden Mutter in Weyhe (Landkreis Diepholz) mit Hilfe einer Hubarbeitsb\u00fchne&hellip;\n","protected":false},"author":2,"featured_media":731852,"comment_status":"","ping_status":"","sticky":false,"template":"","format":"standard","meta":{"footnotes":""},"categories":[1824],"tags":[590,168047,2420,3364,29,985,8500,30,168046,7835,981,14,15,1411,87813,11219,626],"class_list":{"0":"post-731851","1":"post","2":"type-post","3":"status-publish","4":"format-standard","5":"has-post-thumbnail","7":"category-bremen","8":"tag-aktuell","9":"tag-arbeitsbuehne","10":"tag-bremen","11":"tag-de","12":"tag-deutschland","13":"tag-feuerwehr","14":"tag-geburt","15":"tag-germany","16":"tag-hubarbeitsbuehne","17":"tag-leeste","18":"tag-mutter","19":"tag-nachrichten","20":"tag-news","21":"tag-niedersachsen","22":"tag-schwangere","23":"tag-weyhe","24":"tag-wohnung"},"share_on_mastodon":{"url":"https:\/\/pubeurope.com\/@de\/115925138014042371","error":""},"_links":{"self":[{"href":"https:\/\/www.europesays.com\/de\/wp-json\/wp\/v2\/posts\/731851","targetHints":{"allow":["GET"]}}],"collection":[{"href":"https:\/\/www.europesays.com\/de\/wp-json\/wp\/v2\/posts"}],"about":[{"href":"https:\/\/www.europesays.com\/de\/wp-json\/wp\/v2\/types\/post"}],"author":[{"embeddable":true,"href":"https:\/\/www.europesays.com\/de\/wp-json\/wp\/v2\/users\/2"}],"replies":[{"embeddable":true,"href":"https:\/\/www.europesays.com\/de\/wp-json\/wp\/v2\/comments?post=731851"}],"version-history":[{"count":0,"href":"https:\/\/www.europesays.com\/de\/wp-json\/wp\/v2\/posts\/731851\/revisions"}],"wp:featuredmedia":[{"embeddable":true,"href":"https:\/\/www.europesays.com\/de\/wp-json\/wp\/v2\/media\/731852"}],"wp:attachment":[{"href":"https:\/\/www.europesays.com\/de\/wp-json\/wp\/v2\/media?parent=731851"}],"wp:term":[{"taxonomy":"category","embeddable":true,"href":"https:\/\/www.europesays.com\/de\/wp-json\/wp\/v2\/categories?post=731851"},{"taxonomy":"post_tag","embeddable":true,"href":"https:\/\/www.europesays.com\/de\/wp-json\/wp\/v2\/tags?post=731851"}],"curies":[{"name":"wp","href":"https:\/\/api.w.org\/{rel}","templated":true}]}}