{"id":731923,"date":"2026-01-20T03:25:25","date_gmt":"2026-01-20T03:25:25","guid":{"rendered":"https:\/\/www.europesays.com\/de\/731923\/"},"modified":"2026-01-20T03:25:25","modified_gmt":"2026-01-20T03:25:25","slug":"sprechstunde-des-havag-fahrgastbeirats-im-service-center","status":"publish","type":"post","link":"https:\/\/www.europesays.com\/de\/731923\/","title":{"rendered":"Sprechstunde des HAVAG-Fahrgastbeirats im Service-Center"},"content":{"rendered":"<p class=\"caps\">Die n\u00e4chste Sprechstunde des Fahrgastbeirats der\u00a0<a href=\"https:\/\/havag.com\/\" rel=\"nofollow noopener\" target=\"_blank\">Halleschen Verkehrs-AG (HAVAG)<\/a>, einem Unternehmen der\u00a0<a href=\"https:\/\/swh.de\/produkte\" rel=\"nofollow noopener\" target=\"_blank\">Stadtwerke Halle-Gruppe<\/a>, findet am Dienstag, 20. Januar 2026, von 15 bis 18 Uhr im Service-Center Rolltreppe statt. Fahrg\u00e4ste haben in dieser Zeit die Gelegenheit, pers\u00f6nlich mit Mitgliedern des Fahrgastbeirats in den Dialog zu treten. Die Mitglieder arbeiten aktiv an der Verbesserung des Nahverkehrsangebots und bringen die Anliegen der Fahrg\u00e4ste in den Dialog mit der HAVAG ein. Weitere Informationen zum Fahrgastbeirat sowie seinen Aufgaben und Aktivit\u00e4ten stehen auf der\u00a0<a href=\"https:\/\/havag.com\/unternehmen\/havag\/fahrgastbeirat\" rel=\"nofollow noopener\" target=\"_blank\">Webseite der HAVAG<\/a>.<\/p>\n<p>\u00a0<\/p>\n<p>Die Sprechstunde bietet allen interessierten B\u00fcrgerinnen und B\u00fcrgern die M\u00f6glichkeit, ihre Anliegen und Verbesserungsvorschl\u00e4ge direkt zu besprechen. Egal, ob es um konkrete Erfahrungen im Nahverkehr oder um allgemeine Themen geht \u2013 das Team des Fahrgastbeirats steht f\u00fcr ein offenes Gespr\u00e4ch zur Verf\u00fcgung.<\/p>\n<p><strong>\u00dcber den Fahrgastbeirat der HAVAG<\/strong><\/p>\n<p>Der Fahrgastbeirat Halle ist ein ehrenamtliches Gremium, das die HAVAG bei Entscheidungen und Entwicklungen im Hinblick auf Neuanschaffungen, Bauma\u00dfnahmen, Streckennetz sowie den Kundenkontakt begleitet. Als Bindeglied zwischen der HAVAG und den Fahrg\u00e4sten engagieren sich insgesamt 18 Mitglieder aus verschiedensten Fahrgastgruppen, um den \u00f6ffentlichen Personennahverkehr in Halle stetig zu verbessern. Den Vorsitz f\u00fchren Hans-Joachim Berkes und dessen Stellvertreter Thomas Faust. Beide wurden Anfang 2014 aus den eigenen Reihen gew\u00e4hlt. Der Vorsitzende und sein Stellvertreter sind per E-Mail unter:\u00a0<a href=\"https:\/\/www.hallelife.de\/nachrichten\/aktuelles\/fwd-pressemitteilung-naechste-sprechstunde-des-havag-fahrgastbeirats-am-20-januar\/mailto:fahrgastbeirat@havag.com\" rel=\"nofollow noopener\" target=\"_blank\">fahrgastbeirat@havag.com<\/a>\u00a0zu erreichen.<\/p>\n","protected":false},"excerpt":{"rendered":"Die n\u00e4chste Sprechstunde des Fahrgastbeirats der\u00a0Halleschen Verkehrs-AG (HAVAG), einem Unternehmen der\u00a0Stadtwerke Halle-Gruppe, findet am Dienstag, 20. Januar 2026,&hellip;\n","protected":false},"author":2,"featured_media":731924,"comment_status":"","ping_status":"","sticky":false,"template":"","format":"standard","meta":{"footnotes":"","_share_on_mastodon":"0"},"categories":[1860],"tags":[3364,29,548,663,3934,30,4062,17332,24940,13,14,15,17331,860,12,168068],"class_list":["post-731923","post","type-post","status-publish","format-standard","has-post-thumbnail","category-halle-saale","tag-de","tag-deutschland","tag-eu","tag-europa","tag-europe","tag-germany","tag-halle","tag-halle-saale","tag-havag","tag-headlines","tag-nachrichten","tag-news","tag-saale","tag-sachsen-anhalt","tag-schlagzeilen","tag-stadtwerke-halle"],"share_on_mastodon":{"url":"https:\/\/pubeurope.com\/@de\/115925294985569384","error":""},"_links":{"self":[{"href":"https:\/\/www.europesays.com\/de\/wp-json\/wp\/v2\/posts\/731923","targetHints":{"allow":["GET"]}}],"collection":[{"href":"https:\/\/www.europesays.com\/de\/wp-json\/wp\/v2\/posts"}],"about":[{"href":"https:\/\/www.europesays.com\/de\/wp-json\/wp\/v2\/types\/post"}],"author":[{"embeddable":true,"href":"https:\/\/www.europesays.com\/de\/wp-json\/wp\/v2\/users\/2"}],"replies":[{"embeddable":true,"href":"https:\/\/www.europesays.com\/de\/wp-json\/wp\/v2\/comments?post=731923"}],"version-history":[{"count":0,"href":"https:\/\/www.europesays.com\/de\/wp-json\/wp\/v2\/posts\/731923\/revisions"}],"wp:featuredmedia":[{"embeddable":true,"href":"https:\/\/www.europesays.com\/de\/wp-json\/wp\/v2\/media\/731924"}],"wp:attachment":[{"href":"https:\/\/www.europesays.com\/de\/wp-json\/wp\/v2\/media?parent=731923"}],"wp:term":[{"taxonomy":"category","embeddable":true,"href":"https:\/\/www.europesays.com\/de\/wp-json\/wp\/v2\/categories?post=731923"},{"taxonomy":"post_tag","embeddable":true,"href":"https:\/\/www.europesays.com\/de\/wp-json\/wp\/v2\/tags?post=731923"}],"curies":[{"name":"wp","href":"https:\/\/api.w.org\/{rel}","templated":true}]}}