{"id":731943,"date":"2026-01-20T03:36:17","date_gmt":"2026-01-20T03:36:17","guid":{"rendered":"https:\/\/www.europesays.com\/de\/731943\/"},"modified":"2026-01-20T03:36:17","modified_gmt":"2026-01-20T03:36:17","slug":"abstellkammer-fenster-in-weststadt-gewaltsam-geoeffnet","status":"publish","type":"post","link":"https:\/\/www.europesays.com\/de\/731943\/","title":{"rendered":"Abstellkammer-Fenster in Weststadt gewaltsam ge\u00f6ffnet"},"content":{"rendered":"<p class=\"mb-6 text-xs md:text-m lg:text-l font-serif group-[.font-sans]:font-sans \">\n    Nach Angaben der Polizei brachen unbekannte T\u00e4ter zwischen Samstag, 9 Uhr, und Sonntag, 18.15 Uhr, in eine Wohnung in der Karlsruher Weststadt ein. Die Einbrecher hebelten das Fenster einer Abstellkammer auf, die zur Wohnung geh\u00f6rt.\n  <\/p>\n<p>            Einbruchsversuch in der Sophienstra\u00dfe<\/p>\n<p class=\"mb-6 text-xs md:text-m lg:text-l font-serif group-[.font-sans]:font-sans \">\n    Die T\u00e4ter versuchten anschlie\u00dfend erfolglos, die Balkont\u00fcr gewaltsam zu \u00f6ffnen. Die Wohnung befindet sich in der Sophienstra\u00dfe. Die H\u00f6he des entstandenen Diebstahl- und Sachschadens ist derzeit Gegenstand der polizeilichen Ermittlungen. Die Kriminalpolizei bittet Zeugen, sich unter der Rufnummer <a href=\"https:\/\/www.ka-news.de\/karlsruhe\/blaulicht\/tel:07216665555\" rel=\"nofollow noopener\" target=\"_blank\" class=\"underline \">0721\/666-5555<\/a> zu melden.\n  <\/p>\n<p class=\"mb-6 text-xs md:text-m lg:text-l font-serif group-[.font-sans]:font-sans \">\n    Quelle: <a href=\"https:\/\/www.presseportal.de\/blaulicht\/pm\/110972\/6199146\" rel=\"nofollow noopener\" target=\"_blank\" class=\"underline \">Polizeipr\u00e4sidium Karlsruhe.<\/a> Hinweis: Diese Meldung wurde unterst\u00fctzt von KI erstellt.\n  <\/p>\n<ul data-module-id=\"DragDropModule\" class=\"flex flex-wrap justify-start group-[.no-bookmarks]:hidden\">\n<li class=\"mb-3 mr-3\">\n    Polizei<\/p>\n<p>      Icon Haken im Kreis gesetzt<\/p>\n<p>      Icon Plus im Kreis<\/p>\n<\/li>\n<li class=\"mb-3 mr-3\">\n    Sophienstra\u00dfe<\/p>\n<p>      Icon Haken im Kreis gesetzt<\/p>\n<p>      Icon Plus im Kreis<\/p>\n<\/li>\n<li class=\"mb-3 mr-3\">\n    Einbruch<\/p>\n<p>      Icon Haken im Kreis gesetzt<\/p>\n<p>      Icon Plus im Kreis<\/p>\n<\/li>\n<\/ul>\n","protected":false},"excerpt":{"rendered":"Nach Angaben der Polizei brachen unbekannte T\u00e4ter zwischen Samstag, 9 Uhr, und Sonntag, 18.15 Uhr, in eine Wohnung&hellip;\n","protected":false},"author":2,"featured_media":536807,"comment_status":"","ping_status":"","sticky":false,"template":"","format":"standard","meta":{"footnotes":""},"categories":[1844],"tags":[1634,3364,29,2819,30,8903,983,1256,121,82106,136479],"class_list":{"0":"post-731943","1":"post","2":"type-post","3":"status-publish","4":"format-standard","5":"has-post-thumbnail","7":"category-karlsruhe","8":"tag-baden-wuerttemberg","9":"tag-de","10":"tag-deutschland","11":"tag-einbruch","12":"tag-germany","13":"tag-karlsruhe","14":"tag-kripo","15":"tag-kuenstliche-intelligenz","16":"tag-polizei","17":"tag-sophienstrasse","18":"tag-weststadt"},"share_on_mastodon":{"url":"https:\/\/pubeurope.com\/@de\/115925338462989271","error":""},"_links":{"self":[{"href":"https:\/\/www.europesays.com\/de\/wp-json\/wp\/v2\/posts\/731943","targetHints":{"allow":["GET"]}}],"collection":[{"href":"https:\/\/www.europesays.com\/de\/wp-json\/wp\/v2\/posts"}],"about":[{"href":"https:\/\/www.europesays.com\/de\/wp-json\/wp\/v2\/types\/post"}],"author":[{"embeddable":true,"href":"https:\/\/www.europesays.com\/de\/wp-json\/wp\/v2\/users\/2"}],"replies":[{"embeddable":true,"href":"https:\/\/www.europesays.com\/de\/wp-json\/wp\/v2\/comments?post=731943"}],"version-history":[{"count":0,"href":"https:\/\/www.europesays.com\/de\/wp-json\/wp\/v2\/posts\/731943\/revisions"}],"wp:featuredmedia":[{"embeddable":true,"href":"https:\/\/www.europesays.com\/de\/wp-json\/wp\/v2\/media\/536807"}],"wp:attachment":[{"href":"https:\/\/www.europesays.com\/de\/wp-json\/wp\/v2\/media?parent=731943"}],"wp:term":[{"taxonomy":"category","embeddable":true,"href":"https:\/\/www.europesays.com\/de\/wp-json\/wp\/v2\/categories?post=731943"},{"taxonomy":"post_tag","embeddable":true,"href":"https:\/\/www.europesays.com\/de\/wp-json\/wp\/v2\/tags?post=731943"}],"curies":[{"name":"wp","href":"https:\/\/api.w.org\/{rel}","templated":true}]}}