{"id":732061,"date":"2026-01-20T04:44:18","date_gmt":"2026-01-20T04:44:18","guid":{"rendered":"https:\/\/www.europesays.com\/de\/732061\/"},"modified":"2026-01-20T04:44:18","modified_gmt":"2026-01-20T04:44:18","slug":"frist-von-drei-tagen-irans-polizeichef-stellt-demonstranten-ultimatum","status":"publish","type":"post","link":"https:\/\/www.europesays.com\/de\/732061\/","title":{"rendered":"Frist von drei Tagen: Irans Polizeichef stellt Demonstranten Ultimatum"},"content":{"rendered":"<p>Frist von drei TagenIrans Polizeichef stellt Demonstranten Ultimatum<\/p>\n<p>19.01.2026, 19:34 Uhr <\/p>\n<p>Artikel anh\u00f6ren(03:20 min)<\/p>\n<p><img decoding=\"async\" class=\"Image_img__fQCi0 Image_Img_16_9__4BLfH widget-picture-inline_maximizable__t_E7h\" loading=\"eager\" fetchpriority=\"high\" src=\"https:\/\/www.europesays.com\/de\/wp-content\/uploads\/2026\/01\/October-7-2025-Tehran-Iran-Iran-s-President-unseen-meets-Iran-s-police-chief-General-AHMAD-REZA-RADA.webp\" alt=\"October-7-2025-Tehran-Iran-Iran-s-President-unseen-meets-Iran-s-police-chief-General-AHMAD-REZA-RADAN-in-Tehran\"\/>Irans Polizeichef will die Protestler mit versprochener Nachsicht zur Aufgabe bewegen. (Foto: picture alliance \/ ZUMAPRESS.com)TeilenFolgen auf:<a href=\"https:\/\/www.whatsapp.com\/channel\/0029Va5cdVJD8SDp5YZgYF01\" title=\"Auf WhatsApp folgen\" target=\"_blank\" rel=\"nofollow noopener\"><img decoding=\"async\" src=\"https:\/\/www.n-tv.de\/socialIcons\/whatsapp.svg\" alt=\"whatsapp\" class=\"ArticleShare_icon__FsrC2\"\/><\/a><a href=\"https:\/\/news.google.com\/publications\/CAAiEPMdif5mpRNxiLOeUpHCwwsqFAgKIhDzHYn-ZqUTcYiznlKRwsML?hl=de&amp;gl=DE&amp;ceid=DE%3Ade\" title=\"Auf Google News folgen\" target=\"_blank\" rel=\"nofollow noopener\"><img decoding=\"async\" src=\"https:\/\/www.n-tv.de\/socialIcons\/google.svg\" alt=\"whatsapp\" class=\"ArticleShare_icon__FsrC2\"\/><\/a><\/p>\n<p class=\"Typography_text-m__XI0da Typography_weight-bold__uT6mq storyline_lead_text_leadtext__q_wg8\">Tausende Menschen sterben bei den Protesten im Iran durch den gewaltsamen Einsatz der Sicherheitsbeh\u00f6rden. Nun stellt der Polizeichef den Demonstranten ein Ultimatum. Unterdessen machen die Beh\u00f6rden eine kritische Zeitung dicht. <\/p>\n<p class=\"Typography_text-default__P3otY Typography_weight-normal__pqUbH storyline_paragraph_p__qSR5N\">Nach der brutalen Niederschlagung der Proteste gegen die F\u00fchrung des Iran hat der Polizeichef des Landes Demonstranten aufgerufen, sich binnen drei Tagen zu ergeben. Junge Menschen, die &#8222;unwissentlich in die Unruhen verwickelt&#8220; worden seien, w\u00fcrden als &#8222;get\u00e4uschte Personen und nicht als feindliche Soldaten&#8220; betrachtet und &#8222;mit Nachsicht vom System der islamischen Republik&#8220; betrachtet, sagte der Beh\u00f6rdenchef Ahmad-Resa Radan im iranischen Staatsfernsehen.<\/p>\n<p class=\"Typography_text-default__P3otY Typography_weight-normal__pqUbH storyline_paragraph_p__qSR5N\">Die politische und geistliche F\u00fchrung des Iran stellt die Ende Dezember begonnenen Proteste als Komplott ihrer Erzfeinde USA und Israel dar. Das geistliche Oberhaupt der islamischen Republik, Ayatollah Ali Chamenei, hatte am Samstag von einer &#8222;amerikanischen Verschw\u00f6rung&#8220; gesprochen und gefordert, die &#8222;iranische Nation&#8220; m\u00fcsse &#8222;den Aufr\u00fchrern das R\u00fcckgrat brechen&#8220;.<\/p>\n<p class=\"Typography_text-default__P3otY Typography_weight-normal__pqUbH storyline_paragraph_p__qSR5N\">Die Proteste im Iran hatten am 28. Dezember begonnen. Sie entz\u00fcndeten sich an der schlechten Wirtschaftslage, weiteten sich aber rasch zu einer Massenbewegung gegen die religi\u00f6se und politische F\u00fchrung der islamischen Republik aus. Die Beh\u00f6rden gingen brutal gegen die Demonstrierenden vor. Nach Angaben der Menschenrechtsorganisation Iran Human Rights (IHR) wurden mindestens 3428 Demonstrierende get\u00f6tet, einige Sch\u00e4tzungen gehen demnach sogar von 5000 bis 20.000 Toten aus.<\/p>\n<p class=\"Typography_text-default__P3otY Typography_weight-normal__pqUbH storyline_paragraph_p__qSR5N\">Im Zuge der Proteste wurde im Land der Zugang zum Internet unterbrochen. Am elften Tag der Sperre k\u00fcndigte der stellvertretende Leiter der iranischen Beh\u00f6rde f\u00fcr Wissenschaft, Technologie und Wissens\u00f6konomie an, der Netzzugang werde &#8222;nach und nach zum Normalbetrieb zur\u00fcckgebracht&#8220;. Am Sonntag waren im Iran ausl\u00e4ndische Websites wie Google kurzzeitig aufrufbar gewesen. Zum Wochenbeginn war es jedoch erneut unm\u00f6glich, Links aus Suchergebnissen zu \u00f6ffnen.<\/p>\n<p class=\"Typography_text-default__P3otY Typography_weight-normal__pqUbH storyline_paragraph_p__qSR5N\">Aufgrund der strengen Zensur im Land muss eine Zeitung wegen kritischer Berichte ihre Arbeit einstellen. Das Presseaufsichtsgremium des Landes begr\u00fcndete die staatlich angeordnete Suspension der Zeitung &#8222;Hammihan&#8220; mit zwei Artikeln, wie die Nachrichtenagentur Tasnim berichtete. Bei einem Artikel handelte es sich um eine Kolumne des Chefredakteurs der Zeitung. In einem weiteren Leitartikel schrieb die bekannte Journalistin Elaheh Mohammadi \u00fcber die staatliche Gewalt w\u00e4hrend der j\u00fcngsten Protestwelle. Nach den Frauenprotesten vor drei Jahren war sie wegen ihrer kritischen Berichterstattung inhaftiert, verurteilt und im Februar 2025 begnadigt worden.<\/p>\n<p class=\"Typography_text-default__P3otY Typography_weight-normal__pqUbH storyline_paragraph_p__qSR5N\">Einige wenige Medien versuchen im Iran, regierungskritisch zu berichten. In Krisenzeiten ist dies umso schwieriger. Nur eine Handvoll regierungsnahe und staatliche Medien berichten mit einem selektiven Blick \u00fcber das Geschehen im Land.<\/p>\n<p class=\"Typography_text-s__wu_cm Typography_weight-normal__pqUbH Typography_color-darkgrey__sZEnP article-detail-footer_source__KslPc\">Quelle: ntv.de<\/p>\n","protected":false},"excerpt":{"rendered":"Frist von drei TagenIrans Polizeichef stellt Demonstranten Ultimatum 19.01.2026, 19:34 Uhr Artikel anh\u00f6ren(03:20 min) Irans Polizeichef will die&hellip;\n","protected":false},"author":2,"featured_media":732062,"comment_status":"","ping_status":"","sticky":false,"template":"","format":"standard","meta":{"footnotes":"","_share_on_mastodon":"0"},"categories":[3],"tags":[13,345,62913,14,15,16,159,12,10,8,9,11,103,104],"class_list":["post-732061","post","type-post","status-publish","format-standard","has-post-thumbnail","category-welt","tag-headlines","tag-iran","tag-mullah-regime","tag-nachrichten","tag-news","tag-politik","tag-proteste","tag-schlagzeilen","tag-top-news","tag-top-meldungen","tag-topmeldungen","tag-topnews","tag-welt","tag-world"],"share_on_mastodon":{"url":"https:\/\/pubeurope.com\/@de\/115925605798870383","error":""},"_links":{"self":[{"href":"https:\/\/www.europesays.com\/de\/wp-json\/wp\/v2\/posts\/732061","targetHints":{"allow":["GET"]}}],"collection":[{"href":"https:\/\/www.europesays.com\/de\/wp-json\/wp\/v2\/posts"}],"about":[{"href":"https:\/\/www.europesays.com\/de\/wp-json\/wp\/v2\/types\/post"}],"author":[{"embeddable":true,"href":"https:\/\/www.europesays.com\/de\/wp-json\/wp\/v2\/users\/2"}],"replies":[{"embeddable":true,"href":"https:\/\/www.europesays.com\/de\/wp-json\/wp\/v2\/comments?post=732061"}],"version-history":[{"count":0,"href":"https:\/\/www.europesays.com\/de\/wp-json\/wp\/v2\/posts\/732061\/revisions"}],"wp:featuredmedia":[{"embeddable":true,"href":"https:\/\/www.europesays.com\/de\/wp-json\/wp\/v2\/media\/732062"}],"wp:attachment":[{"href":"https:\/\/www.europesays.com\/de\/wp-json\/wp\/v2\/media?parent=732061"}],"wp:term":[{"taxonomy":"category","embeddable":true,"href":"https:\/\/www.europesays.com\/de\/wp-json\/wp\/v2\/categories?post=732061"},{"taxonomy":"post_tag","embeddable":true,"href":"https:\/\/www.europesays.com\/de\/wp-json\/wp\/v2\/tags?post=732061"}],"curies":[{"name":"wp","href":"https:\/\/api.w.org\/{rel}","templated":true}]}}