{"id":732063,"date":"2026-01-20T04:45:17","date_gmt":"2026-01-20T04:45:17","guid":{"rendered":"https:\/\/www.europesays.com\/de\/732063\/"},"modified":"2026-01-20T04:45:17","modified_gmt":"2026-01-20T04:45:17","slug":"projekt-schon-seit-2024-geplant-bundeswehr-startet-dunkelstudie-zu-sexuellem-fehlverhalten","status":"publish","type":"post","link":"https:\/\/www.europesays.com\/de\/732063\/","title":{"rendered":"Projekt schon seit 2024 geplant: Bundeswehr startet Dunkelstudie zu sexuellem Fehlverhalten"},"content":{"rendered":"<p>Projekt schon seit 2024 geplantBundeswehr startet Dunkelstudie zu sexuellem Fehlverhalten<\/p>\n<p>20.01.2026, 00:01 Uhr <\/p>\n<p>Artikel anh\u00f6ren(03:11 min)<\/p>\n<p><img decoding=\"async\" class=\"Image_img__fQCi0 Image_Img_16_9__4BLfH widget-picture-inline_maximizable__t_E7h\" loading=\"eager\" fetchpriority=\"high\" src=\"https:\/\/www.europesays.com\/de\/wp-content\/uploads\/2026\/01\/GERMANY-AHLEN-NOVEMBER-13-German-army-Bundeswehr-recruits-both-male-and-female-during-combat-exercis.webp\" alt=\"GERMANY-AHLEN-NOVEMBER-13-German-army-Bundeswehr-recruits-both-male-and-female-during-combat-exercises-on-November-13-2025-in-Ahlen-Germany-The-six-month-basic-training-course-for-German-Armed-Forces-recruits-has-replaced-the-three-month-basic-training-course-since-July-2025-The-aim-of-the-basic-trainingis-to-prepare-recruits-for-the-demands-of-national-and-and-alliance-defense\"\/>F\u00fcr die Bundeswehr sind sexuelle \u00dcbergriffe \u00e4u\u00dferst heikel, sagt eine Sprecherin. (Foto: picture alliance \/ Ulrich Baumgarten)TeilenFolgen auf:<a href=\"https:\/\/www.whatsapp.com\/channel\/0029Va5cdVJD8SDp5YZgYF01\" title=\"Auf WhatsApp folgen\" target=\"_blank\" rel=\"nofollow noopener\"><img decoding=\"async\" src=\"https:\/\/www.n-tv.de\/socialIcons\/whatsapp.svg\" alt=\"whatsapp\" class=\"ArticleShare_icon__FsrC2\"\/><\/a><a href=\"https:\/\/news.google.com\/publications\/CAAiEPMdif5mpRNxiLOeUpHCwwsqFAgKIhDzHYn-ZqUTcYiznlKRwsML?hl=de&amp;gl=DE&amp;ceid=DE%3Ade\" title=\"Auf Google News folgen\" target=\"_blank\" rel=\"nofollow noopener\"><img decoding=\"async\" src=\"https:\/\/www.n-tv.de\/socialIcons\/google.svg\" alt=\"whatsapp\" class=\"ArticleShare_icon__FsrC2\"\/><\/a><\/p>\n<p class=\"Typography_text-m__XI0da Typography_weight-bold__uT6mq storyline_lead_text_leadtext__q_wg8\">Nach Skandalenth\u00fcllungen um ein Fallschirmj\u00e4gerregiment soll sexuelles Fehlverhalten bei der Bundeswehr ins Visier genommen werden. Eine Studie startet demn\u00e4chst, wann aber Ergebnisse vorliegen, bleibt offen. Der Wehrbeauftragte der Bundeswehr \u00e4u\u00dfert seine Ungeduld. <\/p>\n<p class=\"Typography_text-default__P3otY Typography_weight-normal__pqUbH storyline_paragraph_p__qSR5N\">Die Bundeswehr will Anfang dieses Jahres mit einer Dunkelfeldstudie zu sexueller Bel\u00e4stigung und Gewalt unter Soldatinnen und Soldaten beginnen, l\u00e4sst aber offen, wann mit Ergebnissen zu rechnen ist. &#8222;Der Start der Umsetzungsphase des Projekts ist f\u00fcr Anfang 2026 geplant&#8220;, sagte eine Sprecherin des Verteidigungsministeriums dem Redaktionsnetzwerk Deutschland (RND). &#8222;Zum jetzigen Zeitpunkt kann daher noch keine valide Aussage getroffen werden, wann erste belastbare Ergebnisse vorliegen.&#8220;<\/p>\n<p class=\"Typography_text-default__P3otY Typography_weight-normal__pqUbH storyline_paragraph_p__qSR5N\">Zwar sei die wissenschaftliche Aufarbeitung der Thematik &#8222;sexualisiertes Fehlverhalten&#8220; f\u00fcr die Bundeswehr &#8222;von gr\u00f6\u00dfter Wichtigkeit&#8220;, betonte die Sprecherin. &#8222;Sexuelle \u00dcbergriffe stehen im absoluten Widerspruch zu unseren Werten und werden nicht akzeptiert.&#8220; Allerdings sei das Themenfeld &#8222;insgesamt als \u00e4u\u00dferst sensibel und komplex einzustufen&#8220;, f\u00fcgte sie hinzu. &#8222;Ein valides, inklusives und wissenschaftlich fundiertes Studiendesign ist daher von essenzieller Bedeutung f\u00fcr die Qualit\u00e4t und Verwertbarkeit der Ergebnisse.&#8220; In der Vorbereitungsphase habe man zun\u00e4chst umfassende Recherchen zu bereits ver\u00f6ffentlichten sowie aktuell laufenden Studien durchgef\u00fchrt. \u00dcberdies beruhe das Projekt &#8222;auf einem angemessenen Zeitansatz, der sowohl die Sensibilit\u00e4t des Themenkomplexes ber\u00fccksichtigt als auch h\u00f6chste wissenschaftliche Standards gew\u00e4hrleistet&#8220;.<\/p>\n<p>&#8222;Zahl gemeldeter \u00dcbergriffe steigt&#8220;<\/p>\n<p class=\"Typography_text-default__P3otY Typography_weight-normal__pqUbH storyline_paragraph_p__qSR5N\">Die damalige Wehrbeauftragte des Bundestages, die SPD-Politikerin Eva H\u00f6gl, hatte die Studie im Jahr 2024 angeregt. Daraufhin wurde das Zentrum f\u00fcr Milit\u00e4rgeschichte und Sozialwissenschaften der Bundeswehr vom Verteidigungsministerium damit beauftragt. Der gegenw\u00e4rtig amtierende Wehrbeauftragte Henning Otte von der CDU dr\u00e4ngt allerdings auf mehr Tempo. Es gebe &#8222;eine gestiegene Zahl gemeldeter Vorg\u00e4nge gegen die sexuelle Selbstbestimmung&#8220;, sagte er dem RND. &#8222;Daher fordere ich, dass die Dunkelfeldstudie, die bereits vor mehr als einem Jahr von meiner Vorg\u00e4ngerin im Amt empfohlen und anschlie\u00dfend vom Ministerium angek\u00fcndigt wurde, jetzt auch zeitnah vom Ministerium umgesetzt und vorgelegt wird.&#8220;<\/p>\n<p class=\"Typography_text-default__P3otY Typography_weight-normal__pqUbH storyline_paragraph_p__qSR5N\">Die aktuelle Debatte geht auf F\u00e4lle massiver sexueller Bel\u00e4stigung und wohl auch Gewalt beim Fallschirmj\u00e4gerregiment 26 im rheinland-pf\u00e4lzischen Zweibr\u00fccken zur\u00fcck. Dort sollen 23 Soldaten entlassen werden oder sind es schon.<\/p>\n<p class=\"Typography_text-s__wu_cm Typography_weight-normal__pqUbH Typography_color-darkgrey__sZEnP article-detail-footer_source__KslPc\">Quelle: ntv.de, mau<\/p>\n","protected":false},"excerpt":{"rendered":"Projekt schon seit 2024 geplantBundeswehr startet Dunkelstudie zu sexuellem Fehlverhalten 20.01.2026, 00:01 Uhr Artikel anh\u00f6ren(03:11 min) F\u00fcr die&hellip;\n","protected":false},"author":2,"featured_media":732064,"comment_status":"","ping_status":"","sticky":false,"template":"","format":"standard","meta":{"footnotes":"","_share_on_mastodon":"0"},"categories":[2],"tags":[685,29,30,13,14,15,16,12,3255,16440,8247,5502,13413,10,8,9,11,14566,48129],"class_list":["post-732063","post","type-post","status-publish","format-standard","has-post-thumbnail","category-deutschland","tag-bundeswehr","tag-deutschland","tag-germany","tag-headlines","tag-nachrichten","tag-news","tag-politik","tag-schlagzeilen","tag-sexualisierte-gewalt","tag-sexualitaet","tag-sexuelle-belaestigung","tag-sexueller-missbrauch","tag-studien","tag-top-news","tag-top-meldungen","tag-topmeldungen","tag-topnews","tag-verteidigungsministerium","tag-wehrbeauftragter"],"share_on_mastodon":{"url":"https:\/\/pubeurope.com\/@de\/115925609999344401","error":""},"_links":{"self":[{"href":"https:\/\/www.europesays.com\/de\/wp-json\/wp\/v2\/posts\/732063","targetHints":{"allow":["GET"]}}],"collection":[{"href":"https:\/\/www.europesays.com\/de\/wp-json\/wp\/v2\/posts"}],"about":[{"href":"https:\/\/www.europesays.com\/de\/wp-json\/wp\/v2\/types\/post"}],"author":[{"embeddable":true,"href":"https:\/\/www.europesays.com\/de\/wp-json\/wp\/v2\/users\/2"}],"replies":[{"embeddable":true,"href":"https:\/\/www.europesays.com\/de\/wp-json\/wp\/v2\/comments?post=732063"}],"version-history":[{"count":0,"href":"https:\/\/www.europesays.com\/de\/wp-json\/wp\/v2\/posts\/732063\/revisions"}],"wp:featuredmedia":[{"embeddable":true,"href":"https:\/\/www.europesays.com\/de\/wp-json\/wp\/v2\/media\/732064"}],"wp:attachment":[{"href":"https:\/\/www.europesays.com\/de\/wp-json\/wp\/v2\/media?parent=732063"}],"wp:term":[{"taxonomy":"category","embeddable":true,"href":"https:\/\/www.europesays.com\/de\/wp-json\/wp\/v2\/categories?post=732063"},{"taxonomy":"post_tag","embeddable":true,"href":"https:\/\/www.europesays.com\/de\/wp-json\/wp\/v2\/tags?post=732063"}],"curies":[{"name":"wp","href":"https:\/\/api.w.org\/{rel}","templated":true}]}}