{"id":732194,"date":"2026-01-20T06:03:23","date_gmt":"2026-01-20T06:03:23","guid":{"rendered":"https:\/\/www.europesays.com\/de\/732194\/"},"modified":"2026-01-20T06:03:23","modified_gmt":"2026-01-20T06:03:23","slug":"vorzeitiger-abgang-von-hansi-flick-fc-barcelona-hat-angeblich-zwei-alternativen-auf-dem-zettel","status":"publish","type":"post","link":"https:\/\/www.europesays.com\/de\/732194\/","title":{"rendered":"Vorzeitiger Abgang von Hansi Flick? FC Barcelona hat angeblich zwei Alternativen auf dem Zettel"},"content":{"rendered":"<p>Hansi Flick hat den FC Barcelona sportlich zur\u00fcck an die Spitze gef\u00fchrt, doch trotz Titel, Siegesserien und Tabellenf\u00fchrung besch\u00e4ftigen sich die Katalanen bereits mit m\u00f6glichen Alternativen f\u00fcr den Fall eines vorzeitigen Abschieds.<\/p>\n<p>Beim FC Barcelona l\u00e4uft sportlich vieles nach Plan, doch hinter den Kulissen wird bereits \u00fcber die Zeit nach Hansi Flick nachgedacht. Der deutsche Trainer hat die Katalanen seit seinem Amtsantritt im Sommer 2024 zur\u00fcck an die nationale Spitze gef\u00fchrt, dennoch besch\u00e4ftigen sich die Verantwortlichen vorsorglich mit m\u00f6glichen Nachfolgern.<\/p>\n","protected":false},"excerpt":{"rendered":"Hansi Flick hat den FC Barcelona sportlich zur\u00fcck an die Spitze gef\u00fchrt, doch trotz Titel, Siegesserien und Tabellenf\u00fchrung&hellip;\n","protected":false},"author":2,"featured_media":732195,"comment_status":"","ping_status":"","sticky":false,"template":"","format":"standard","meta":{"footnotes":"","_share_on_mastodon":"0"},"categories":[136],"tags":[4915,29,347,30,21818,168135,168136,4604,265],"class_list":["post-732194","post","type-post","status-publish","format-standard","has-post-thumbnail","category-sport","tag-barcelona","tag-deutschland","tag-fussball","tag-germany","tag-h-flick","tag-sl-prag-vs-barcelona","tag-slavia-prague-vs-barcelona","tag-soccer","tag-sport"],"share_on_mastodon":{"url":"https:\/\/pubeurope.com\/@de\/115925916306640187","error":""},"_links":{"self":[{"href":"https:\/\/www.europesays.com\/de\/wp-json\/wp\/v2\/posts\/732194","targetHints":{"allow":["GET"]}}],"collection":[{"href":"https:\/\/www.europesays.com\/de\/wp-json\/wp\/v2\/posts"}],"about":[{"href":"https:\/\/www.europesays.com\/de\/wp-json\/wp\/v2\/types\/post"}],"author":[{"embeddable":true,"href":"https:\/\/www.europesays.com\/de\/wp-json\/wp\/v2\/users\/2"}],"replies":[{"embeddable":true,"href":"https:\/\/www.europesays.com\/de\/wp-json\/wp\/v2\/comments?post=732194"}],"version-history":[{"count":0,"href":"https:\/\/www.europesays.com\/de\/wp-json\/wp\/v2\/posts\/732194\/revisions"}],"wp:featuredmedia":[{"embeddable":true,"href":"https:\/\/www.europesays.com\/de\/wp-json\/wp\/v2\/media\/732195"}],"wp:attachment":[{"href":"https:\/\/www.europesays.com\/de\/wp-json\/wp\/v2\/media?parent=732194"}],"wp:term":[{"taxonomy":"category","embeddable":true,"href":"https:\/\/www.europesays.com\/de\/wp-json\/wp\/v2\/categories?post=732194"},{"taxonomy":"post_tag","embeddable":true,"href":"https:\/\/www.europesays.com\/de\/wp-json\/wp\/v2\/tags?post=732194"}],"curies":[{"name":"wp","href":"https:\/\/api.w.org\/{rel}","templated":true}]}}