{"id":732456,"date":"2026-01-20T08:31:20","date_gmt":"2026-01-20T08:31:20","guid":{"rendered":"https:\/\/www.europesays.com\/de\/732456\/"},"modified":"2026-01-20T08:31:20","modified_gmt":"2026-01-20T08:31:20","slug":"cdu-will-boellerverbotszonen-in-hamburg-ausweiten","status":"publish","type":"post","link":"https:\/\/www.europesays.com\/de\/732456\/","title":{"rendered":"CDU will B\u00f6llerverbotszonen in Hamburg ausweiten"},"content":{"rendered":"<p>        <img decoding=\"async\" src=\"https:\/\/www.europesays.com\/de\/wp-content\/uploads\/2026\/01\/1768897877_100_steilshoop-100.webp.webp\" alt=\"Ein Video-Standbild zeigt Einsatzkr\u00e4fte der Polizei inmitten von brennender Pyrotechnik im Hamburger Stadtteil Steilshoop\" title=\"Ein Video-Standbild zeigt Einsatzkr\u00e4fte der Polizei inmitten von brennender Pyrotechnik im Hamburger Stadtteil Steilshoop | picture alliance\/dpa | Marcus Golejewski\" class=\"responsive\"\/><\/p>\n<p>AUDIO: B\u00f6llerverbote in Hamburg: Was die CDU fordert (1 Min)<\/p>\n<p>\n                Stand: 20.01.2026 08:16 Uhr<\/p>\n<p class=\"preface\">Die Hamburger CDU fordert eine Ausweitung der B\u00f6llerverbotszonen zu Silvester. Hintergrund ist die deutlich gestiegene Zahl von Rettungseins\u00e4tzen rund um den Jahreswechsel.<\/p>\n<p class=\"\">Knapp 700 Mal mussten Feuerwehr und Rettungsdienste in der Silvesternacht ausr\u00fccken. Mehr als 570 Menschen kamen in die Notaufnahme, gut 140 mussten l\u00e4nger im Krankenhaus bleiben. Es handele sich um die h\u00f6chsten Zahlen der vergangenen f\u00fcnf Jahre, bilanzierte CDU-Gesundheitspolitikerin Christin Christ, die die Daten beim Senat abgefragt hatte.<\/p>\n<p>    B\u00f6llerverbot bisher nur an Binnenalster und Rathaus<\/p>\n<p class=\"\">Welche Rolle Feuerwerk oder Alkohol als Grund der Eins\u00e4tze gespielt haben, l\u00e4sst sich aus den Zahlen nicht ablesen. Dennoch fordert die CDU nun in einem B\u00fcrgerschaftsantrag, die B\u00f6llerverbotszonen in Zukunft auszuweiten. Bisher gibt es nur rund um Binnenalster und Rathaus eine solche Verbotszone. Die CDU fordert sie zumindest auch f\u00fcr Steilshoop und das Harburger Phoenixviertel.<\/p>\n<p>    Thering: Hamburg soll f\u00fcr Verbote eintreten<\/p>\n<p class=\"\">Der Senat m\u00fcsse die bekannten Brennpunkte konsequenter in den Blick nehmen, meinte CDU-Fraktionschef Dennis Thering. Au\u00dferdem solle Hamburg sich f\u00fcr eine \u00c4nderung des Sprengstoffgesetzes starkmachen. Den L\u00e4ndern k\u00f6nnten dann weitreichendere Verbote als bisher erlaubt werden. Bei der letzten Innenministerkonferenz gab es dazu allerdings keine Einigung.<\/p>\n<p>        <img decoding=\"async\" src=\"https:\/\/www.europesays.com\/de\/wp-content\/uploads\/2026\/01\/polizei-602.webp.webp\" alt=\"Einsatzkr\u00e4fte der Polizei inmitten von Pyrotechnik in Hamburg.\" title=\"Einsatzkr\u00e4fte der Polizei inmitten von Pyrotechnik in Hamburg. | picture alliance\/dpa | Marcus Golejewski\" class=\"responsive\" loading=\"lazy\"\/><\/p>\n<p>Nach den Angriffen auf Einsatzkr\u00e4fte \u00e4u\u00dfert sich nun die Gewerkschaft der Polizei. Sie fordert sp\u00fcrbare Strafen f\u00fcr die T\u00e4ter.<\/p>\n<p>        <img decoding=\"async\" src=\"https:\/\/www.europesays.com\/de\/wp-content\/uploads\/2026\/01\/neujahr-160.webp.webp\" alt=\"Mitarbeitende der Stadtreinigung Hamburg r\u00e4umen am Neujahrsmorgen abgebrannte Feuerwerksk\u00f6rper und anderen M\u00fcll an den Landungsbr\u00fccken im Hafen\" title=\"Mitarbeitende der Stadtreinigung Hamburg r\u00e4umen am Neujahrsmorgen abgebrannte Feuerwerksk\u00f6rper und anderen M\u00fcll an den Landungsbr\u00fccken im Hafen | Christian Charisius\/dpa\" class=\"responsive\" loading=\"lazy\"\/><\/p>\n<p>In Niedersachsen wurde kurz nach Mitternacht ein kleiner Junge \u00fcberfahren und starb. In MV verlor ein 23-J\u00e4hriger eine Hand durch B\u00f6ller.<\/p>\n<p>Dieses Thema im Programm:<\/p>\n<p>                NDR 90,3 | NDR 90,3 Aktuell | 20.01.2026 | 08:00 Uhr<\/p>\n","protected":false},"excerpt":{"rendered":"AUDIO: B\u00f6llerverbote in Hamburg: Was die CDU fordert (1 Min) Stand: 20.01.2026 08:16 Uhr Die Hamburger CDU fordert&hellip;\n","protected":false},"author":2,"featured_media":732457,"comment_status":"","ping_status":"","sticky":false,"template":"","format":"standard","meta":{"footnotes":""},"categories":[1826],"tags":[19184,31,29,4851,30,692,691,2015,2281,6053,7856],"class_list":{"0":"post-732456","1":"post","2":"type-post","3":"status-publish","4":"format-standard","5":"has-post-thumbnail","7":"category-hamburg","8":"tag-boeller","9":"tag-cdu","10":"tag-deutschland","11":"tag-feuerwerk","12":"tag-germany","13":"tag-hamburg","14":"tag-hh","15":"tag-konzept","16":"tag-silvester","17":"tag-stadtteil","18":"tag-steilshoop"},"share_on_mastodon":{"url":"https:\/\/pubeurope.com\/@de\/115926498639363222","error":""},"_links":{"self":[{"href":"https:\/\/www.europesays.com\/de\/wp-json\/wp\/v2\/posts\/732456","targetHints":{"allow":["GET"]}}],"collection":[{"href":"https:\/\/www.europesays.com\/de\/wp-json\/wp\/v2\/posts"}],"about":[{"href":"https:\/\/www.europesays.com\/de\/wp-json\/wp\/v2\/types\/post"}],"author":[{"embeddable":true,"href":"https:\/\/www.europesays.com\/de\/wp-json\/wp\/v2\/users\/2"}],"replies":[{"embeddable":true,"href":"https:\/\/www.europesays.com\/de\/wp-json\/wp\/v2\/comments?post=732456"}],"version-history":[{"count":0,"href":"https:\/\/www.europesays.com\/de\/wp-json\/wp\/v2\/posts\/732456\/revisions"}],"wp:featuredmedia":[{"embeddable":true,"href":"https:\/\/www.europesays.com\/de\/wp-json\/wp\/v2\/media\/732457"}],"wp:attachment":[{"href":"https:\/\/www.europesays.com\/de\/wp-json\/wp\/v2\/media?parent=732456"}],"wp:term":[{"taxonomy":"category","embeddable":true,"href":"https:\/\/www.europesays.com\/de\/wp-json\/wp\/v2\/categories?post=732456"},{"taxonomy":"post_tag","embeddable":true,"href":"https:\/\/www.europesays.com\/de\/wp-json\/wp\/v2\/tags?post=732456"}],"curies":[{"name":"wp","href":"https:\/\/api.w.org\/{rel}","templated":true}]}}