{"id":732518,"date":"2026-01-20T09:06:13","date_gmt":"2026-01-20T09:06:13","guid":{"rendered":"https:\/\/www.europesays.com\/de\/732518\/"},"modified":"2026-01-20T09:06:13","modified_gmt":"2026-01-20T09:06:13","slug":"die-sportler-des-jahres-2025-muenster-feiert-seine-champions","status":"publish","type":"post","link":"https:\/\/www.europesays.com\/de\/732518\/","title":{"rendered":"Die Sportler des Jahres 2025 \u2013 M\u00fcnster feiert seine Champions"},"content":{"rendered":"<p class=\"small date article__date\">Ver\u00f6ffentlicht:\u00a0Dienstag, 20.01.2026 09:00<\/p>\n<p>ANTENNE M\u00dcNSTER und die Westf\u00e4lischen Nachrichten ehren Anfang M\u00e4rz die Sportler des Jahres 2025 aus unserer Stadt.\u00a0<\/p>\n<p><img decoding=\"async\" alt=\"\" src=\"https:\/\/www.europesays.com\/de\/wp-content\/uploads\/2026\/01\/sportler-des-jahres.jpg&#038;crop=3x0x2412x1508&#038;resize=1280x800&#038;dt=202601191622160.jpeg\" data-size=\"1280x800\"\/>\u00a9 ANTENNE M\u00dcNSTER<\/p>\n<p>Im Jovel-Club am Albersloher Weg werden die besten Athletinnen und Athleten von uns ausgezeichnet. Es gibt vier Kategorien: Wir k\u00fcren die <strong>Mannschaft des Jahres<\/strong>, die <strong>Sportlerin des Jahres<\/strong>, den <strong>Sportler des Jahres <\/strong>und das <strong>beste Nachwuchs-Talent<\/strong>. In jeder Kategorie gibt es f\u00fcnf Nominierte. Verliehen werden die Titel Anfang M\u00e4rz im Jovel-Club am Albersloher Weg. Bei der feierlichen Veranstaltung wird dann auch noch der Sport-Oscar f\u00fcr besondere Leistungen vergeben.<\/p>\n<p>Voting ab dem 03. Februar<\/p>\n<p>Die ANTENNE M\u00dcNSTER-H\u00f6rerinnen und H\u00f6rer sind beim Voting gefragt. Das startet am 3. Februar. <\/p>\n<p><a href=\"https:\/\/www.wn.de\/sport\/lokalsport\/muenster\/sportlerwahl-muenster\" rel=\"noopener noreferrer nofollow\" target=\"_blank\"><strong>Alle Nominierten stellen wir euch hier im Detail vor<\/strong><\/a><strong>.<\/strong><\/p>\n<p>Wer waren die Sportler des Jahres 2024?<\/p>\n<p>Die Vorjahressieger, die <a href=\"https:\/\/www.antennemuenster.de\/artikel\/muensters-sportlerinnen-des-jahres-ausgezeichnet-2238386.html\" rel=\"noopener noreferrer nofollow\" target=\"_blank\">Gewinner im Sportjahr 2024<\/a>, waren Zweitligist Preu\u00dfen M\u00fcnster (Fu\u00dfball), Volleyballerin Elena K\u00f6mmling (USC M\u00fcnster), Leichtathlet Luka Herden (LG Brillux) sowie als Juniorsportler Judoka Armin Pacariz (TV Wolbeck). Den Rekord der meisten Titel bei der Sportlerwahl h\u00e4lt \u00fcbrigens Ingrid Klimke. Die Vielseitigkeitsreitern gewann nicht weniger als elf Mal die Krone des Sports in M\u00fcnster.<\/p>\n","protected":false},"excerpt":{"rendered":"Ver\u00f6ffentlicht:\u00a0Dienstag, 20.01.2026 09:00 ANTENNE M\u00dcNSTER und die Westf\u00e4lischen Nachrichten ehren Anfang M\u00e4rz die Sportler des Jahres 2025 aus&hellip;\n","protected":false},"author":2,"featured_media":732519,"comment_status":"","ping_status":"","sticky":false,"template":"","format":"standard","meta":{"footnotes":"","_share_on_mastodon":"0"},"categories":[1843],"tags":[5677,168212,168213,3364,29,30,5882,8970,1209,139781],"class_list":["post-732518","post","type-post","status-publish","format-standard","has-post-thumbnail","category-muenster","tag-munster","tag-sportlerwahl","tag-wn-sportlerwahl","tag-de","tag-deutschland","tag-germany","tag-lokalsport","tag-muenster","tag-nordrhein-westfalen","tag-sportler-des-jahres"],"share_on_mastodon":{"url":"https:\/\/pubeurope.com\/@de\/115926636137637721","error":""},"_links":{"self":[{"href":"https:\/\/www.europesays.com\/de\/wp-json\/wp\/v2\/posts\/732518","targetHints":{"allow":["GET"]}}],"collection":[{"href":"https:\/\/www.europesays.com\/de\/wp-json\/wp\/v2\/posts"}],"about":[{"href":"https:\/\/www.europesays.com\/de\/wp-json\/wp\/v2\/types\/post"}],"author":[{"embeddable":true,"href":"https:\/\/www.europesays.com\/de\/wp-json\/wp\/v2\/users\/2"}],"replies":[{"embeddable":true,"href":"https:\/\/www.europesays.com\/de\/wp-json\/wp\/v2\/comments?post=732518"}],"version-history":[{"count":0,"href":"https:\/\/www.europesays.com\/de\/wp-json\/wp\/v2\/posts\/732518\/revisions"}],"wp:featuredmedia":[{"embeddable":true,"href":"https:\/\/www.europesays.com\/de\/wp-json\/wp\/v2\/media\/732519"}],"wp:attachment":[{"href":"https:\/\/www.europesays.com\/de\/wp-json\/wp\/v2\/media?parent=732518"}],"wp:term":[{"taxonomy":"category","embeddable":true,"href":"https:\/\/www.europesays.com\/de\/wp-json\/wp\/v2\/categories?post=732518"},{"taxonomy":"post_tag","embeddable":true,"href":"https:\/\/www.europesays.com\/de\/wp-json\/wp\/v2\/tags?post=732518"}],"curies":[{"name":"wp","href":"https:\/\/api.w.org\/{rel}","templated":true}]}}