{"id":732690,"date":"2026-01-20T10:40:12","date_gmt":"2026-01-20T10:40:12","guid":{"rendered":"https:\/\/www.europesays.com\/de\/732690\/"},"modified":"2026-01-20T10:40:12","modified_gmt":"2026-01-20T10:40:12","slug":"zu-russland-und-den-usa-es-braucht-ein-starkes-europa-hechingen-umgebung","status":"publish","type":"post","link":"https:\/\/www.europesays.com\/de\/732690\/","title":{"rendered":"Zu Russland und den USA: Es braucht ein starkes Europa &#8211; Hechingen &#038; Umgebung"},"content":{"rendered":"<p><strong>Es braucht ein starkes <a href=\"https:\/\/www.schwarzwaelder-bote.de\/thema\/Europa\" title=\"Europa\" class=\"art_thema\" rel=\"nofollow noopener\" target=\"_blank\">Europa<\/a><\/strong><\/p>\n<p><a href=\"https:\/\/www.schwarzwaelder-bote.de\/thema\/Russland\" title=\"Russland\" class=\"art_thema\" rel=\"nofollow noopener\" target=\"_blank\">Russland<\/a> und die <a href=\"https:\/\/www.schwarzwaelder-bote.de\/thema\/USA\" title=\"USA\" class=\"art_thema\" rel=\"nofollow noopener\" target=\"_blank\">USA<\/a> haben die globale Ordnung zerschlagen und internationales Recht au\u00dfer Kraft gesetzt, es gilt jetzt das Recht des St\u00e4rkeren. Russland richtet neben dem Angriffskrieg gegen die Ukraine hybride Angriffe auf Europa, die USA erheben abstruse Vorw\u00fcrfe und unversch\u00e4mte Drohungen gegen uns, unterst\u00fctzen rechtsextreme Bewegungen in Europa und planen die Annexion Gr\u00f6nlands. Trump heizt die Klimaerw\u00e4rmung weiter an und sieht im schmelzenden Eis nur gewinntr\u00e4chtigen Rohstoffabbau und neue Seewege.\u200b<\/p>\n<p>Die Alternative f\u00fcr Deutschland und Europa besteht allein darin, zusammenzustehen und in die eigene St\u00e4rke zu investieren. Nur ein starkes geeintes Europa hat die Chance, seine Werte, seine Freiheit und die Unabh\u00e4ngigkeit von den autokratisch regierten Gro\u00dfm\u00e4chten zu sch\u00fctzen und der \u00dcbermacht der mit Trump verb\u00fcndeten Tech-Konzerne standzuhalten. \u200b<\/p>\n<p>Und wof\u00fcr steht die Partei \u201eAlternative f\u00fcr Deutschland\u201c? Sie pl\u00e4diert f\u00fcr die Schw\u00e4chung der EU und den Ausstieg aus dem Euro. Landtagsspitzenkandidat Markus Frohnmaier besuchte mit einer Delegation wenige Tage nach der Ver\u00f6ffentlichung der gegen\u00fcber Europa feindseligen \u201eNationalen Sicherheitsstrategie\u201c des Wei\u00dfen Hauses seine Freunde und Unterst\u00fctzer in den USA und lie\u00df sich von der MAGA-Bewegung feiern. Er und andere AfD-Funktion\u00e4re sind auch gern gesehene G\u00e4ste in Russland, wo man die nationalistischen Bewegungen in Europa ebenfalls unterst\u00fctzt und hierdurch seine Schw\u00e4chung vorantreibt. <\/p>\n<p>Schw\u00e4chung Europas durch immer neue Z\u00f6lle  <\/p>\n<p>W\u00e4hrend europaweit Fassungslosigkeit herrscht \u00fcber den Weg des vormaligen Partners USA in Richtung Diktatur und imperialistische Gro\u00dfmacht, wird Trumps Politik in AfD-Kreisen als \u201eeindrucksvoll\u201c gewertet. Das passt, denn neben Trumps direkter Unterst\u00fctzung der Rechtspopulisten kommt diesen die Zerst\u00f6rung der wertebasierten Ordnung und der wirtschaftlichen Schw\u00e4chung Europas durch immer neue Z\u00f6lle und sonstige Handelserschwernisse besonders zugute. <\/p>\n<p>AfD-Zustimmungswerte steigen <\/p>\n<p>\u200b<\/p>\n<p>Gleichwohl steigen die AfD-Zustimmungswerte immer weiter. Sind sich AfD-Anh\u00e4nger und \u2013W\u00e4hler bewusst, was eine Regierungs\u00fcbernahme dieser destruktiven nationalistischen Bewegung f\u00fcr unsere Werte, unsere Unabh\u00e4ngigkeit von den aggressiven Gro\u00dfm\u00e4chten und unsere wirtschaftliche Stabilit\u00e4t bewirken w\u00fcrde? Sehen sie in dem als besonders korrupt geltenden und autorit\u00e4r regierenden Orban-Regime \u2013 wie Alice Weidel \u2013 ein \u201egro\u00dfes Vorbild\u201c und sollen die \u201eWindm\u00fchlen der Schande niedergerissen\u201c (Originalton Weidel) und vom Kriegsverbrecher Putin \u00d6l und Gas gekauft werden? Nicht nur im Hinblick auf den Bundesrat kommt dem Ausgang der 2026 anstehenden f\u00fcnf Landtagswahlen auch gro\u00dfe bundesweite Bedeutung zu.\u200b<\/p>\n<p> Gert Rominger, <a href=\"https:\/\/www.schwarzwaelder-bote.de\/thema\/Hechingen\" title=\"Hechingen\" class=\"art_thema\" rel=\"nofollow noopener\" target=\"_blank\">Hechingen<\/a><\/p>\n<p style=\"font-size:1.09rem; font-style:italic; margin-bottom:0; margin-top:15px\">Schreiben Sie uns: <a href=\"https:\/\/www.schwarzwaelder-bote.de\/mailto:leserbriefe@schwarzwaelder-bote.de\" rel=\"nofollow noopener\" target=\"_blank\">leserbriefe@schwarzwaelder-bote.de<\/a>. Mit der \u00dcbersendung erkl\u00e4ren Sie sich damit einverstanden, dass Ihr Leserbrief in der Printausgabe, im E-Paper sowie im Onlinedienst des Schwarzw\u00e4lder Boten ver\u00f6ffentlicht wird. Wir behalten uns K\u00fcrzungen vor. Leserbriefe entsprechen nicht notwendig der Meinung der Redaktion.<\/p>\n","protected":false},"excerpt":{"rendered":"Es braucht ein starkes Europa Russland und die USA haben die globale Ordnung zerschlagen und internationales Recht au\u00dfer&hellip;\n","protected":false},"author":2,"featured_media":732691,"comment_status":"","ping_status":"","sticky":false,"template":"","format":"standard","meta":{"footnotes":"","_share_on_mastodon":"0"},"categories":[3933],"tags":[331,332,548,663,158,3934,3935,13,19167,36572,4046,69430,14,15,307,12,64,17049],"class_list":["post-732690","post","type-post","status-publish","format-standard","has-post-thumbnail","category-eu","tag-aktuelle-nachrichten","tag-aktuelle-news","tag-eu","tag-europa","tag-europaeische-union","tag-europe","tag-european-union","tag-headlines","tag-hechingen","tag-hechingen-umgebung","tag-krieg","tag-lesermeinung","tag-nachrichten","tag-news","tag-russland","tag-schlagzeilen","tag-usa","tag-zollernalbkreis"],"share_on_mastodon":{"url":"https:\/\/pubeurope.com\/@de\/115927005830977540","error":""},"_links":{"self":[{"href":"https:\/\/www.europesays.com\/de\/wp-json\/wp\/v2\/posts\/732690","targetHints":{"allow":["GET"]}}],"collection":[{"href":"https:\/\/www.europesays.com\/de\/wp-json\/wp\/v2\/posts"}],"about":[{"href":"https:\/\/www.europesays.com\/de\/wp-json\/wp\/v2\/types\/post"}],"author":[{"embeddable":true,"href":"https:\/\/www.europesays.com\/de\/wp-json\/wp\/v2\/users\/2"}],"replies":[{"embeddable":true,"href":"https:\/\/www.europesays.com\/de\/wp-json\/wp\/v2\/comments?post=732690"}],"version-history":[{"count":0,"href":"https:\/\/www.europesays.com\/de\/wp-json\/wp\/v2\/posts\/732690\/revisions"}],"wp:featuredmedia":[{"embeddable":true,"href":"https:\/\/www.europesays.com\/de\/wp-json\/wp\/v2\/media\/732691"}],"wp:attachment":[{"href":"https:\/\/www.europesays.com\/de\/wp-json\/wp\/v2\/media?parent=732690"}],"wp:term":[{"taxonomy":"category","embeddable":true,"href":"https:\/\/www.europesays.com\/de\/wp-json\/wp\/v2\/categories?post=732690"},{"taxonomy":"post_tag","embeddable":true,"href":"https:\/\/www.europesays.com\/de\/wp-json\/wp\/v2\/tags?post=732690"}],"curies":[{"name":"wp","href":"https:\/\/api.w.org\/{rel}","templated":true}]}}