{"id":732735,"date":"2026-01-20T11:04:15","date_gmt":"2026-01-20T11:04:15","guid":{"rendered":"https:\/\/www.europesays.com\/de\/732735\/"},"modified":"2026-01-20T11:04:15","modified_gmt":"2026-01-20T11:04:15","slug":"sicherheitskontrollen-fuer-besuch-von-kuenstlerin-ankuendigt","status":"publish","type":"post","link":"https:\/\/www.europesays.com\/de\/732735\/","title":{"rendered":"Sicherheitskontrollen f\u00fcr Besuch von K\u00fcnstlerin ank\u00fcndigt"},"content":{"rendered":"<p class=\"text_ohne_einzug richtext text-em-55 !leading-serif mx-6 desktop:mx-0\">Die f\u00fcr Mittwoch angek\u00fcndigte Veranstaltung mit der pal\u00e4stinensischen K\u00fcnstlerin Basma al-Sharif wird an der <a href=\"https:\/\/rp-online.de\/thema\/kunstakademie-duesseldorf\/\" rel=\"nofollow noopener\" target=\"_blank\">Kunstakademie D\u00fcsseldorf<\/a> unter erh\u00f6hten Sicherheitsvorkehrungen stattfinden. Das k\u00fcndigt die Hochschule nun an. F\u00fcr den Besuch der Veranstaltung ist demnach eine Anmeldung erforderlich, der Zugang nur \u201emit best\u00e4tigter Anmeldung\u201c m\u00f6glich.<\/p>\n","protected":false},"excerpt":{"rendered":"Die f\u00fcr Mittwoch angek\u00fcndigte Veranstaltung mit der pal\u00e4stinensischen K\u00fcnstlerin Basma al-Sharif wird an der Kunstakademie D\u00fcsseldorf unter erh\u00f6hten&hellip;\n","protected":false},"author":2,"featured_media":732736,"comment_status":"","ping_status":"","sticky":false,"template":"","format":"standard","meta":{"footnotes":"","_share_on_mastodon":"0"},"categories":[1831],"tags":[3803,168247,3364,29,3405,30,28974,4819,61986,1209,27177,168248,3699],"class_list":["post-732735","post","type-post","status-publish","format-standard","has-post-thumbnail","category-duesseldorf","tag-studierende","tag-basma","tag-de","tag-deutschland","tag-duesseldorf","tag-germany","tag-kunstakademie","tag-kuenstlerin","tag-mitarbeitende","tag-nordrhein-westfalen","tag-rahmen","tag-sharif","tag-veranstaltung"],"share_on_mastodon":{"url":"https:\/\/pubeurope.com\/@de\/115927099882423512","error":""},"_links":{"self":[{"href":"https:\/\/www.europesays.com\/de\/wp-json\/wp\/v2\/posts\/732735","targetHints":{"allow":["GET"]}}],"collection":[{"href":"https:\/\/www.europesays.com\/de\/wp-json\/wp\/v2\/posts"}],"about":[{"href":"https:\/\/www.europesays.com\/de\/wp-json\/wp\/v2\/types\/post"}],"author":[{"embeddable":true,"href":"https:\/\/www.europesays.com\/de\/wp-json\/wp\/v2\/users\/2"}],"replies":[{"embeddable":true,"href":"https:\/\/www.europesays.com\/de\/wp-json\/wp\/v2\/comments?post=732735"}],"version-history":[{"count":0,"href":"https:\/\/www.europesays.com\/de\/wp-json\/wp\/v2\/posts\/732735\/revisions"}],"wp:featuredmedia":[{"embeddable":true,"href":"https:\/\/www.europesays.com\/de\/wp-json\/wp\/v2\/media\/732736"}],"wp:attachment":[{"href":"https:\/\/www.europesays.com\/de\/wp-json\/wp\/v2\/media?parent=732735"}],"wp:term":[{"taxonomy":"category","embeddable":true,"href":"https:\/\/www.europesays.com\/de\/wp-json\/wp\/v2\/categories?post=732735"},{"taxonomy":"post_tag","embeddable":true,"href":"https:\/\/www.europesays.com\/de\/wp-json\/wp\/v2\/tags?post=732735"}],"curies":[{"name":"wp","href":"https:\/\/api.w.org\/{rel}","templated":true}]}}