{"id":732865,"date":"2026-01-20T12:16:14","date_gmt":"2026-01-20T12:16:14","guid":{"rendered":"https:\/\/www.europesays.com\/de\/732865\/"},"modified":"2026-01-20T12:16:14","modified_gmt":"2026-01-20T12:16:14","slug":"wann-sind-sie-wieder-zu-sehen","status":"publish","type":"post","link":"https:\/\/www.europesays.com\/de\/732865\/","title":{"rendered":"Wann sind sie wieder zu sehen?"},"content":{"rendered":"<p>Himmelsspektakel im Norden <\/p>\n<p>Polarlichter: Wie stehen die Chancen in den n\u00e4chsten N\u00e4chten?<\/p>\n<p>Aktualisiert am 20.01.2026 &#8211; 12:37 UhrLesedauer: 2 Min.<\/p>\n<p><a href=\"#focus-0\" class=\"transition-colors duration-200 block text-current relative\" data-sctrack=\"FocusGalleryImage.Reference\"><img fetchpriority=\"high\" data-testid=\"Opener.Image\" style=\"--lqipURL:url('https:\/\/images.t-online.de\/2026\/01\/XkYSQG29nJpL\/0x267:1858x1045\/fit-in\/150x0\/filters:blur(25)\/die-polarlichter-die-in-der-nacht-zu-dienstag-ueber-weiten-teile-deutschlands-zu-sehen-waren-sorgten-auch-auf-norderney-fuer-staunen.jpg')\"   loading=\"eager\" src=\"https:\/\/www.europesays.com\/de\/wp-content\/uploads\/2026\/01\/die-polarlichter-die-in-der-nacht-zu-dienstag-ueber-weiten-teile-deutschlands-zu-sehen-waren-sorgten.jpeg\" alt=\"Die Polarlichter, die in der Nacht zu Dienstag \u00fcber weiten Teile Deutschlands zu sehen waren, sorgten auch auf Norderney f\u00fcr Staunen.\" title=\"Die Polarlichter, die in der Nacht zu Dienstag \u00fcber weiten Teile Deutschlands zu sehen waren, sorgten auch auf Norderney f\u00fcr Staunen.\" width=\"1858\" height=\"1045\" class=\"bg-[url:var(--lqipURL)] bg-cover bg-center flex h-full w-full max-w-full\" decoding=\"async\"\/><img style=\"--width:32;--height:32\" loading=\"lazy\" src=\"https:\/\/bremen.t-online.de\/s\/paper\/_next\/static\/media\/zoom-in.f7dae02f.svg\" alt=\"Vergr\u00f6\u00dfern des Bildes\" title=\"Vergr\u00f6\u00dfern des Bildes\" class=\"block h-[calc(var(--height)_\/_16_*_1rem)] w-[calc(var(--width)_\/_16_*_1rem)] max-w-none absolute bottom-8 right-8 rounded-4 bg-snow p-8\" decoding=\"async\"\/><\/a><\/p>\n<p>Polarlichter \u00fcber Norderney: Das Himmelsspektakel war in der Nacht zu Dienstag \u00fcber weiten Teilen Deutschlands zu sehen. (Quelle: Volker Bartels\/dpa)<\/p>\n<p class=\"font-bold text-18 leading-17\">Das Staunen rund um Bremen war gro\u00df, als in der Nacht zu Dienstag fl\u00e4chendeckend Polarlichter den Himmel erstrahlten. Wer das Spektakel verpasst hat, f\u00fcr den gibt es leise Hoffnung.<\/p>\n<p class=\"text-18 leading-17\">Rot, gr\u00fcn, orange: Der Himmel \u00fcber Bremen wurde in der Nacht zu Dienstag in ein buntes Farbenmeer getaucht, Polarlichter erstrahlten auch in der Gro\u00dfstadt \u2013 dort, wo sie meist nur sehr selten zu sehen sind. Nicht jede und jeder hatte das Gl\u00fcck, das Naturph\u00e4nomen zu beobachten. Die Regionalredaktion Bremen von t-online hat deshalb den Wetterexperten Domnik Jung gefragt: Wann sind erneut Polarlichter \u00fcber der Hansestadt zu sehen?<\/p>\n<p class=\"text-18 leading-17\">Diplom-Meteorologe Jung erkl\u00e4rte, dass die aktuellen Polarlichter-Vorhersagen f\u00fcr die kommenden Tage zwar &#8222;eine m\u00e4\u00dfig erh\u00f6hte geomagnetische Aktivit\u00e4t, aber keinen ausgepr\u00e4gten geomagnetischen Sturm&#8220; aufweisen. Dieser sei notwendig, damit Polarlichter entstehen beziehungsweise sichtbar sind.<\/p>\n<p class=\"text-18 leading-17\">Damit sei die Wahrscheinlichkeit f\u00fcr sichtbare Nordlichter in Deutschland niedrig, &#8222;aber nicht ausgeschlossen, vor allem in der Nacht und bei sehr dunklen Bedingungen&#8220;, betonte er. Von einer sicheren oder fl\u00e4chendeckenden Sichtbarkeit k\u00f6nne jedoch nicht gesprochen werden.<\/p>\n<p class=\"text-18 leading-17\">Grunds\u00e4tzlich h\u00e4tten die Menschen im Norden Deutschlands im Vergleich zum S\u00fcden, Westen oder Osten &#8222;die besten Chance&#8220;, das Himmelsspektakel zu sehen. Jung sagte dazu: &#8222;Je weiter n\u00f6rdlich ein Ort liegt, desto geringer muss die geomagnetische Aktivit\u00e4t sein, um Nordlichter \u00fcberhaupt sichtbar werden zu lassen.&#8220;<\/p>\n<p class=\"text-18 leading-17\">Die h\u00f6chste Wahrscheinlichkeit, auch in den kommenden N\u00e4chten Polarlichter beobachten zu k\u00f6nnen, liege an der Nord- und Ostsee. Zudem sei es wichtig, lichtarme Gegenden aufzusuchen und einen freien Blick Richtung Norden zu haben. Auch wenn all diese Parameter stimmten, &#8222;w\u00e4ren m\u00f6gliche Erscheinungen eher schwach und oft nur fotografisch oder als diffuse Aufhellung erkennbar&#8220;, so Jung weiter.<\/p>\n<p class=\"text-18 leading-17\">Selbst f\u00fcr Fachleute wie Jung seien Nordlichter nur sehr kurzfristig vorherzusagen. Exakte Bestimmungen funktionierten meist einen Tag zuvor. Wer Polarlichter bereits Tage zuvor prognostizieren wolle, k\u00f6nne nur Tendenzen angeben, aber keine konkreten Zeitfenster.<\/p>\n<p class=\"text-18 leading-17\">Und noch etwas m\u00fcsse mitspielen: das Wetter. Grundvoraussetzung ist laut Jung ein wolkenfreier Himmel, m\u00f6glichst geringe Luftfeuchte und wenig Dunst. Wer sich dann auch noch an der K\u00fcste befinde oder einem Feld, habe die besten Chancen.<\/p>\n","protected":false},"excerpt":{"rendered":"Himmelsspektakel im Norden Polarlichter: Wie stehen die Chancen in den n\u00e4chsten N\u00e4chten? Aktualisiert am 20.01.2026 &#8211; 12:37 UhrLesedauer:&hellip;\n","protected":false},"author":2,"featured_media":732866,"comment_status":"","ping_status":"","sticky":false,"template":"","format":"standard","meta":{"footnotes":"","_share_on_mastodon":"0"},"categories":[1824],"tags":[2420,3364,29,20480,30,19190,93299,69662,20327],"class_list":["post-732865","post","type-post","status-publish","format-standard","has-post-thumbnail","category-bremen","tag-bremen","tag-de","tag-deutschland","tag-dominik-jung","tag-germany","tag-himmelsspektakel","tag-norderney","tag-nordlicht","tag-polarlicht"],"share_on_mastodon":{"url":"https:\/\/pubeurope.com\/@de\/115927383196004693","error":""},"_links":{"self":[{"href":"https:\/\/www.europesays.com\/de\/wp-json\/wp\/v2\/posts\/732865","targetHints":{"allow":["GET"]}}],"collection":[{"href":"https:\/\/www.europesays.com\/de\/wp-json\/wp\/v2\/posts"}],"about":[{"href":"https:\/\/www.europesays.com\/de\/wp-json\/wp\/v2\/types\/post"}],"author":[{"embeddable":true,"href":"https:\/\/www.europesays.com\/de\/wp-json\/wp\/v2\/users\/2"}],"replies":[{"embeddable":true,"href":"https:\/\/www.europesays.com\/de\/wp-json\/wp\/v2\/comments?post=732865"}],"version-history":[{"count":0,"href":"https:\/\/www.europesays.com\/de\/wp-json\/wp\/v2\/posts\/732865\/revisions"}],"wp:featuredmedia":[{"embeddable":true,"href":"https:\/\/www.europesays.com\/de\/wp-json\/wp\/v2\/media\/732866"}],"wp:attachment":[{"href":"https:\/\/www.europesays.com\/de\/wp-json\/wp\/v2\/media?parent=732865"}],"wp:term":[{"taxonomy":"category","embeddable":true,"href":"https:\/\/www.europesays.com\/de\/wp-json\/wp\/v2\/categories?post=732865"},{"taxonomy":"post_tag","embeddable":true,"href":"https:\/\/www.europesays.com\/de\/wp-json\/wp\/v2\/tags?post=732865"}],"curies":[{"name":"wp","href":"https:\/\/api.w.org\/{rel}","templated":true}]}}