{"id":733104,"date":"2026-01-20T14:27:18","date_gmt":"2026-01-20T14:27:18","guid":{"rendered":"https:\/\/www.europesays.com\/de\/733104\/"},"modified":"2026-01-20T14:27:18","modified_gmt":"2026-01-20T14:27:18","slug":"lions-fidelitas-classic-2026-startet-oldtimer-rallye-fuer-den-guten-zweck","status":"publish","type":"post","link":"https:\/\/www.europesays.com\/de\/733104\/","title":{"rendered":"Lions Fidelitas Classic 2026 startet Oldtimer-Rallye f\u00fcr den guten Zweck"},"content":{"rendered":"<p class=\"mb-6 text-xs md:text-m lg:text-l font-serif group-[.font-sans]:font-sans \">\n    Die Rallye ist eine touristische Wohlt\u00e4tigkeitsveranstaltung mit Wertungspr\u00fcfungen, die von Ehrenamtlichen des Lions Club Karlsruhe Fidelitas organisiert und gestaltet wird. F\u00fcr die Oldtimerfreunde hier in der Region, mit ihren Fahrzeugen bis einschlie\u00dflich Baujahr 1990, ist diese Rallye nicht aus dem j\u00e4hrlichen Kalender wegzudenken.\n  <\/p>\n<p>            Unterst\u00fctzung von Projekten f\u00fcr Kinder und Menschen mit Handicap<\/p>\n<p class=\"mb-6 text-xs md:text-m lg:text-l font-serif group-[.font-sans]:font-sans \">\n    Seit der ersten Ausgabe der Rallye konnten mehr als 435.000 Euro an Spenden f\u00fcr Projekte in der Region gesammelt werden. Der Lions Club Karlsruhe Fidelitas unterst\u00fctzt besonders Projekte f\u00fcr Kinder und Menschen mit Handicap. So zum Beispiel das Kinderkochmobil, bei dem Kindern eine werteorientierte Ern\u00e4hrung n\u00e4hergebracht wird.\n  <\/p>\n<p>    <img decoding=\"async\" src=\"https:\/\/www.europesays.com\/de\/wp-content\/uploads\/2026\/01\/upimage-715f9eb5-52c5-48db-b354-9c5ea2a0f539img3434jpg.jpg\" alt=\"Ziel der Lions Fidelitas Classic 2025 im Porsche Zentrum Karlsruhe.\" title=\"Ziel der Lions Fidelitas Classic 2025 im Porsche Zentrum Karlsruhe.\" class=\"h-full w-full object-cover\"\/><\/p>\n<p>      Icon vergr\u00f6\u00dfern<\/p>\n<p>    Ziel der Lions Fidelitas Classic 2025 im Porsche Zentrum Karlsruhe.<br \/>\n    Foto: Lions Club Karlsruhe Fidelitas<\/p>\n<p>        Schlie\u00dfen <\/p>\n<p>      Icon Schlie\u00dfen<\/p>\n<p>        Icon vergr\u00f6\u00dfern<\/p>\n<p>        Icon verkleinern<\/p>\n<p>      Icon Pfeil bewegen<\/p>\n<p>    Ziel der Lions Fidelitas Classic 2025 im Porsche Zentrum Karlsruhe.<br \/>\n    Foto: Lions Club Karlsruhe Fidelitas<\/p>\n<p class=\"mb-6 text-xs md:text-m lg:text-l font-serif group-[.font-sans]:font-sans \">\n    \u201eBesonders freue ich mich auch, dass in diesem Jahr der \u201aLebenshilfe-Oldtimerbus\u2018 wieder mit von der Partie ist\u201c, so Daniel Bischoff, Co-Pr\u00e4sident des Lions Club Karlsruhe Fidelitas. \u201eUnsere Teilnehmer der Lebenshilfe sind mittlerweile nicht mehr aus unserer Classic wegzudenken\u201c, erg\u00e4nzt Co-Pr\u00e4sident Carsten Fetzner.\n  <\/p>\n<p>            Dieses Jahr geht es durch den Kraichgau nach Ettlingen<\/p>\n<p class=\"mb-6 text-xs md:text-m lg:text-l font-serif group-[.font-sans]:font-sans \">\n    \u201eDie vielen positiven R\u00fcckmeldungen aus dem letzten Jahr zu unserer Lions Fidelitas Classic sind f\u00fcr uns alle eine besondere Motivation\u201c, so Projektleiter Bj\u00f6rn Kaiser, \u201eund die Fahrer k\u00f6nnen sich schon auf besondere Momente freuen.\u201c<\/p>\n<p>Die Strecke f\u00fchrt in diesem Jahr durch den Kraichgau mit seiner reizvollen Mischung aus sanften H\u00fcgeln, Genuss, Historie und gastfreundlichen Ortschaften. Entlang der Strecke wird es wieder zahlreiche Punktestationen geben. Endpunkt der Lions Fidelitas Classic ist in diesem Jahr Ettlingen \u2013 eine beeindruckende Kulisse f\u00fcr diese Rallye. Die Anmeldung zur Rallye gibt es unter <a href=\"https:\/\/www.fidelitas-classic.de\/\" rel=\"nofollow noopener\" target=\"_blank\" class=\"underline \">www.fidelitas-classic.de<\/a>\n  <\/p>\n<p>    Dieser Inhalt wird uns zur Verf\u00fcgung gestellt<\/p>\n<p class=\"mb-6 text-xs md:text-m lg:text-l font-serif group-[.font-sans]:font-sans \">\n    Ob Verein, Schule, Kindergarten oder eine andere tolle Initiative aus Karlsruhe und Umgebung \u2013 dieser Beitrag wurde \u00fcber unser Einsendeportal eingereicht. Hier bekommen alle eine B\u00fchne, die etwas zu erz\u00e4hlen haben.\n  <\/p>\n<p class=\"mb-6 text-xs md:text-m lg:text-l font-serif group-[.font-sans]:font-sans \">\n    Texte und Bilder stammen direkt von den Einsenderinnen und Einsendern. Unsere Redaktion pr\u00fcft, was ver\u00f6ffentlicht werden kann. Wir achten zwar auf Fehler, ver\u00e4ndern die Texte aber sonst nur in Ausnahmef\u00e4llen.\n  <\/p>\n<p class=\"mb-6 text-xs md:text-m lg:text-l font-serif group-[.font-sans]:font-sans \">\n    Auch Sie haben etwas Spannendes, Bewegendes oder einfach Sch\u00f6nes zu berichten? Dann machen Sie mit und laden Sie Ihren Beitrag unter <strong class=\"font-bold\"><a href=\"https:\/\/www.ka-news.de\/einsendeportal\" rel=\"nofollow noopener\" target=\"_blank\" class=\"underline \">www.ka-news.de\/einsendeportal<\/a><\/strong> hoch. Wir freuen uns auf Ihre Neuigkeiten!\n  <\/p>\n<ul data-module-id=\"DragDropModule\" class=\"flex flex-wrap justify-start group-[.no-bookmarks]:hidden\">\n<li class=\"mb-3 mr-3\">\n    Fidelitas<\/p>\n<p>      Icon Haken im Kreis gesetzt<\/p>\n<p>      Icon Plus im Kreis<\/p>\n<\/li>\n<li class=\"mb-3 mr-3\">\n    Lions Club<\/p>\n<p>      Icon Haken im Kreis gesetzt<\/p>\n<p>      Icon Plus im Kreis<\/p>\n<\/li>\n<\/ul>\n","protected":false},"excerpt":{"rendered":"Die Rallye ist eine touristische Wohlt\u00e4tigkeitsveranstaltung mit Wertungspr\u00fcfungen, die von Ehrenamtlichen des Lions Club Karlsruhe Fidelitas organisiert und&hellip;\n","protected":false},"author":2,"featured_media":733105,"comment_status":"","ping_status":"","sticky":false,"template":"","format":"standard","meta":{"footnotes":"","_share_on_mastodon":"0"},"categories":[1844],"tags":[1634,168301,168300,3364,29,31190,514,165731,30,8903,59117,168299,36254,16414],"class_list":["post-733104","post","type-post","status-publish","format-standard","has-post-thumbnail","category-karlsruhe","tag-baden-wuerttemberg","tag-carsten-fetzner","tag-daniel-bischoff","tag-de","tag-deutschland","tag-ettlingen","tag-fahrzeug","tag-fidelitas","tag-germany","tag-karlsruhe","tag-lions-club","tag-oldtimerausfahrt","tag-rallye","tag-suedwesten"],"share_on_mastodon":{"url":"https:\/\/pubeurope.com\/@de\/115927898178558486","error":""},"_links":{"self":[{"href":"https:\/\/www.europesays.com\/de\/wp-json\/wp\/v2\/posts\/733104","targetHints":{"allow":["GET"]}}],"collection":[{"href":"https:\/\/www.europesays.com\/de\/wp-json\/wp\/v2\/posts"}],"about":[{"href":"https:\/\/www.europesays.com\/de\/wp-json\/wp\/v2\/types\/post"}],"author":[{"embeddable":true,"href":"https:\/\/www.europesays.com\/de\/wp-json\/wp\/v2\/users\/2"}],"replies":[{"embeddable":true,"href":"https:\/\/www.europesays.com\/de\/wp-json\/wp\/v2\/comments?post=733104"}],"version-history":[{"count":0,"href":"https:\/\/www.europesays.com\/de\/wp-json\/wp\/v2\/posts\/733104\/revisions"}],"wp:featuredmedia":[{"embeddable":true,"href":"https:\/\/www.europesays.com\/de\/wp-json\/wp\/v2\/media\/733105"}],"wp:attachment":[{"href":"https:\/\/www.europesays.com\/de\/wp-json\/wp\/v2\/media?parent=733104"}],"wp:term":[{"taxonomy":"category","embeddable":true,"href":"https:\/\/www.europesays.com\/de\/wp-json\/wp\/v2\/categories?post=733104"},{"taxonomy":"post_tag","embeddable":true,"href":"https:\/\/www.europesays.com\/de\/wp-json\/wp\/v2\/tags?post=733104"}],"curies":[{"name":"wp","href":"https:\/\/api.w.org\/{rel}","templated":true}]}}