{"id":733479,"date":"2026-01-20T17:50:12","date_gmt":"2026-01-20T17:50:12","guid":{"rendered":"https:\/\/www.europesays.com\/de\/733479\/"},"modified":"2026-01-20T17:50:12","modified_gmt":"2026-01-20T17:50:12","slug":"das-sind-die-plaetze-1-bis-5","status":"publish","type":"post","link":"https:\/\/www.europesays.com\/de\/733479\/","title":{"rendered":"Das sind die Pl\u00e4tze 1 bis 5"},"content":{"rendered":"<p>\t\t\t\t\t\t\t\t\t\t\t\t\t\t\t\t\t\t\t\t\t\t\t\t\t\t\t\t      \t\t            \t\t             \t\t\t\t   \t\t\t\t\t   <img decoding=\"async\" id=\"article-image\" fetchpriority=\"high\" alt=\"Bester D\u00f6ner in Stuttgart: Das sind die Pl\u00e4tze 1 bis 5\" title=\"Bester D\u00f6ner in Stuttgart: Das sind die Pl\u00e4tze 1 bis 5\" src=\"https:\/\/www.europesays.com\/de\/wp-content\/uploads\/2026\/01\/media.media.60acaca0-e9f0-480b-ba0e-a89390e6c396.16x9_700.jpg\" data-linkto=\"https:\/\/www.stuttgarter-nachrichten.de\/javascript:void(0);\"\/>\t\t\t\t\t\t\t\t\t\t\t\t\t\t\t\t\t\t\t\t\t\t\t\tDie Leser der Stuttgarter Nachrichten w\u00e4hlten diese D\u00f6nerl\u00e4den unter die Top-5 \u2013 und Alaturka (oben links) zum besten D\u00f6ner in Stuttgart.\u00a0Foto: Olivia Denner\/Lichtgut\/Leif Piechowski\/Michael Bosch\t\t\t<\/p>\n<p>Wir haben den besten D\u00f6ner Stuttgarts gesucht \u2013 und die Leser der StN haben Alaturka auf den Thron gew\u00e4hlt. Lesen Sie hier, welcher D\u00f6nerladen wie viele Stimmen gesammelt hat.<\/p>\n<p>Die Abstimmung ist vorbei \u2013 und <a href=\"https:\/\/www.stuttgarter-nachrichten.de\/inhalt.sieger-im-grossen-finale-das-ist-der-beste-doener-in-stuttgart.e763e3da-637d-4141-8ca0-1bb29d104983.html\" target=\"_blank\" rel=\"noopener\">Alaturka ist von den Lesern der Stuttgarter Nachrichten zum besten D\u00f6ner Stuttgarts gew\u00e4hlt worden.<\/a> Von insgesamt 7297 Teilnehmern stimmten 2654 f\u00fcr den bekannten D\u00f6nerladen an der Olgastra\u00dfe 75.<\/p>\n<p>Bei <a href=\"https:\/\/www.stuttgarter-nachrichten.de\/thema\/Alaturka\" title=\"Alaturka\" class=\"art_thema\" target=\"_blank\" rel=\"noopener\">Alaturka<\/a> freut man sich \u00fcber die Auszeichnung: \u201eDa geht ein liebes Danke an <a href=\"https:\/\/www.stuttgarter-nachrichten.de\/thema\/Stuttgart\" title=\"Stuttgart\" class=\"art_thema\" target=\"_blank\" rel=\"noopener\">Stuttgart<\/a> raus\u201c, sagte Markenbotschafter Hakan Ates unserer Redaktion bei der \u00dcbergabe der Urkunde.<\/p>\n<p>Bester <a href=\"https:\/\/www.stuttgarter-nachrichten.de\/thema\/D%C3%B6ner\" title=\"D\u00f6ner\" class=\"art_thema\" target=\"_blank\" rel=\"noopener\">D\u00f6ner<\/a> in Stuttgart: Das sind die Top-5 <\/p>\n<p>Doch auch die anderen D\u00f6nerl\u00e4den, die es nach der Nominierungsphase in die Top-5 und damit ins gro\u00dfe Abstimmungsfinale geschafft hatten, erhielten von den Lesern der <b>Stuttgarter Nachrichten<\/b> zahlreiche Stimmen.<\/p>\n<p> <b>So lautet das finale Abstimmungsergebnis<\/b>:<\/p>\n<ul>\n<li>1. Platz: <b> Alaturka <\/b> (Stuttgart-Mitte): 2654 Stimmen<\/li>\n<li>2. Platz: <b> Kebaphaus am Feuersee <\/b>(Stuttgart-West): 1739 Stimmen<\/li>\n<li>3. Platz: <b> Regenbogen Imbiss <\/b> (Stuttgart-M\u00f6hringen): 1301 Stimmen<\/li>\n<li>4. Platz: <b> Dilgelay <\/b> (Stuttgart-Ost): 983 Stimmen<\/li>\n<li>5. Platz: <b> Doen Doen <\/b> (Stuttgart-Mitte): 620 Stimmen<\/li>\n<\/ul>\n<p>Insgesamt gab es 7297 g\u00fcltige Stimmen, Mehrfachabstimmungen wurden herausgefiltert.<\/p>\n<p>Bester D\u00f6ner in Stuttgart: Wie kam die Top-5 zustande? <\/p>\n<p>In einer ersten Phase hatten die Leser der <b>Stuttgarter Nachrichten<\/b> die M\u00f6glichkeit, ihren Lieblingsd\u00f6ner f\u00fcr die Teilnahme am gro\u00dfen Finale zu nominieren.<\/p>\n<p> Aus all den Einsendungen ermittelten wir anschlie\u00dfend die f\u00fcnf am h\u00e4ufigsten genannten D\u00f6nerl\u00e4den. Unter diesen konnten die Leser <a href=\"https:\/\/www.stuttgarter-nachrichten.de\/inhalt.bester-doener-in-stuttgart-wahl-diese-fuenf-doenerladen-sind-im-finale.d9423554-a529-4ce8-bb0b-e8ccf7e91e14.html\" target=\"_blank\" rel=\"noopener\">schlie\u00dflich final abstimmen.<\/a> Am Ende setzte sich Alaturka die Krone auf.<\/p>\n","protected":false},"excerpt":{"rendered":"Die Leser der Stuttgarter Nachrichten w\u00e4hlten diese D\u00f6nerl\u00e4den unter die Top-5 \u2013 und Alaturka (oben links) zum besten&hellip;\n","protected":false},"author":2,"featured_media":733480,"comment_status":"","ping_status":"","sticky":false,"template":"","format":"standard","meta":{"footnotes":""},"categories":[1830],"tags":[133649,1634,167928,167930,3364,29,168392,9655,30,168394,168393,167931,1441,36330],"class_list":{"0":"post-733479","1":"post","2":"type-post","3":"status-publish","4":"format-standard","5":"has-post-thumbnail","7":"category-stuttgart","8":"tag-alaturka","9":"tag-baden-wuerttemberg","10":"tag-bester-doener","11":"tag-bester-doener-in-stuttgart","12":"tag-de","13":"tag-deutschland","14":"tag-dilgelay","15":"tag-doener","16":"tag-germany","17":"tag-kebaphaus-am-feuersee","18":"tag-regenbogen-imbiss","19":"tag-stn","20":"tag-stuttgart","21":"tag-stuttgarter-nachrichten"},"share_on_mastodon":{"url":"https:\/\/pubeurope.com\/@de\/115928696450036836","error":""},"_links":{"self":[{"href":"https:\/\/www.europesays.com\/de\/wp-json\/wp\/v2\/posts\/733479","targetHints":{"allow":["GET"]}}],"collection":[{"href":"https:\/\/www.europesays.com\/de\/wp-json\/wp\/v2\/posts"}],"about":[{"href":"https:\/\/www.europesays.com\/de\/wp-json\/wp\/v2\/types\/post"}],"author":[{"embeddable":true,"href":"https:\/\/www.europesays.com\/de\/wp-json\/wp\/v2\/users\/2"}],"replies":[{"embeddable":true,"href":"https:\/\/www.europesays.com\/de\/wp-json\/wp\/v2\/comments?post=733479"}],"version-history":[{"count":0,"href":"https:\/\/www.europesays.com\/de\/wp-json\/wp\/v2\/posts\/733479\/revisions"}],"wp:featuredmedia":[{"embeddable":true,"href":"https:\/\/www.europesays.com\/de\/wp-json\/wp\/v2\/media\/733480"}],"wp:attachment":[{"href":"https:\/\/www.europesays.com\/de\/wp-json\/wp\/v2\/media?parent=733479"}],"wp:term":[{"taxonomy":"category","embeddable":true,"href":"https:\/\/www.europesays.com\/de\/wp-json\/wp\/v2\/categories?post=733479"},{"taxonomy":"post_tag","embeddable":true,"href":"https:\/\/www.europesays.com\/de\/wp-json\/wp\/v2\/tags?post=733479"}],"curies":[{"name":"wp","href":"https:\/\/api.w.org\/{rel}","templated":true}]}}