{"id":734065,"date":"2026-01-20T23:17:12","date_gmt":"2026-01-20T23:17:12","guid":{"rendered":"https:\/\/www.europesays.com\/de\/734065\/"},"modified":"2026-01-20T23:17:12","modified_gmt":"2026-01-20T23:17:12","slug":"zsk-in-stuttgart-punks-fuer-demokratie","status":"publish","type":"post","link":"https:\/\/www.europesays.com\/de\/734065\/","title":{"rendered":"ZSK in Stuttgart: Punks f\u00fcr Demokratie"},"content":{"rendered":"<p>Aufbau, Soundcheck und die Konzerte sind eng getaktet, doch so viel Zeit muss sein. Joshi springt mit einem Ball in die H\u00fcpfburg, anschlie\u00dfend werfen sie die Burg mit den Wasserb\u00e4llen in die Luft. Die Musiker sammeln die B\u00e4lle ein, haben sichtlich Freude. <a href=\"https:\/\/www.instagram.com\/p\/DTVRGL8CI7X\/\" target=\"_blank\" rel=\"noreferrer nofollow noopener\">Bei Instagram<\/a> postet Joshi ein Foto: &#8222;Stuttgart! Kinderkonzert kann losgehen. Es wird genial. Bis gleich!&#8220; Seinen Humor tr\u00e4gt der ZSK-S\u00e4nger auch auf die B\u00fchne. Er macht Witze mit den Kids, animiert zum Mitsingen und Mittanzen. Beim Kinderkonzert verteilt er Pommes, beim Abendkonzert Bier.<\/p>\n<p>&#8222;Ihr seid nicht allein&#8220;<\/p>\n<p>Trotz allem verliert Joshi niemals den Ernst der politischen Lage aus dem Blick. &#8222;Ich wei\u00df doch auch, wie schlimm alles ist, aber wir k\u00f6nnen doch jetzt nicht aufh\u00f6ren&#8220;, sagt er im Backstage-Gespr\u00e4ch mit Kontext. &#8222;Jetzt muss man als Punkband anfangen, die Demokratie zu verteidigen. So weit sind wir schon.&#8220; Vor 80 Jahren seien Menschen f\u00fcr ein Leben in Freiheit gestorben. Emp\u00f6rt fragt er: &#8222;Wie verw\u00f6hnt kann man sein und das, was wir haben, nicht wertsch\u00e4tzen?&#8220;<\/p>\n<p>ZSK macht durch und durch politische Musik. Eine Musik des anarchischen Antifaschismus und progressiven Protests. Eine Musik, die mutig ist und Mut macht. Die Hoffnung gibt. Im Song &#8222;Nicht allein&#8220;, der auf dem neuen Album erschienen ist, singt Joshi: \u201cWas wirst du sagen in zehn Jahr\u2019n \/ Wenn sie dich fragen, wo alle war\u2019n \/ Du warst ganz vorn, hast dich nicht weggeduckt \/ Ihr kriegt uns nie kaputt.\u201d Im Refrain hei\u00dft es: \u201cF\u00fcr alle, die durchhalten, in ihrer schweren Zeit \/ Und an alle, die zweifeln, ihr seid nicht allein.\u201d<\/p>\n<p>Musik, die im Alltag hilft<\/p>\n<p>Im Gespr\u00e4ch berichtet Joshi \u00fcber Briefe und Nachrichten an die Punkband. Wie viel Post die Musiker erhalten, das sei &#8222;abgefahren&#8220;. Immer wieder w\u00fcrden Fans schreiben, wie sehr ihnen die Musik im Alltag geholfen habe. Einmal habe ihm eine Person, die einen Angriff eines Neonazis schwer verletzt \u00fcberlebt hat, geschrieben. Jedes Mal habe sie auf der Fahrt zum Gericht die Musik von ZSK aufgedreht. Die Songs h\u00e4tten ihr die Kraft gegeben, die Verhandlung durchzustehen.<\/p>\n<p>                <script async src=\"\/\/www.instagram.com\/embed.js\"><\/script><\/p>\n","protected":false},"excerpt":{"rendered":"Aufbau, Soundcheck und die Konzerte sind eng getaktet, doch so viel Zeit muss sein. Joshi springt mit einem&hellip;\n","protected":false},"author":2,"featured_media":734066,"comment_status":"","ping_status":"","sticky":false,"template":"","format":"standard","meta":{"footnotes":"","_share_on_mastodon":"0"},"categories":[1830],"tags":[186,1634,3364,29,30,67314,1310,810,3393,22682,10163,1441,24598,168476],"class_list":["post-734065","post","type-post","status-publish","format-standard","has-post-thumbnail","category-stuttgart","tag-afd","tag-baden-wuerttemberg","tag-de","tag-deutschland","tag-germany","tag-kinderkonzert","tag-konzert","tag-musik","tag-neonazis","tag-punkband","tag-rechtsruck","tag-stuttgart","tag-wizemann","tag-zsk"],"share_on_mastodon":{"url":"https:\/\/pubeurope.com\/@de\/115929982194180571","error":""},"_links":{"self":[{"href":"https:\/\/www.europesays.com\/de\/wp-json\/wp\/v2\/posts\/734065","targetHints":{"allow":["GET"]}}],"collection":[{"href":"https:\/\/www.europesays.com\/de\/wp-json\/wp\/v2\/posts"}],"about":[{"href":"https:\/\/www.europesays.com\/de\/wp-json\/wp\/v2\/types\/post"}],"author":[{"embeddable":true,"href":"https:\/\/www.europesays.com\/de\/wp-json\/wp\/v2\/users\/2"}],"replies":[{"embeddable":true,"href":"https:\/\/www.europesays.com\/de\/wp-json\/wp\/v2\/comments?post=734065"}],"version-history":[{"count":0,"href":"https:\/\/www.europesays.com\/de\/wp-json\/wp\/v2\/posts\/734065\/revisions"}],"wp:featuredmedia":[{"embeddable":true,"href":"https:\/\/www.europesays.com\/de\/wp-json\/wp\/v2\/media\/734066"}],"wp:attachment":[{"href":"https:\/\/www.europesays.com\/de\/wp-json\/wp\/v2\/media?parent=734065"}],"wp:term":[{"taxonomy":"category","embeddable":true,"href":"https:\/\/www.europesays.com\/de\/wp-json\/wp\/v2\/categories?post=734065"},{"taxonomy":"post_tag","embeddable":true,"href":"https:\/\/www.europesays.com\/de\/wp-json\/wp\/v2\/tags?post=734065"}],"curies":[{"name":"wp","href":"https:\/\/api.w.org\/{rel}","templated":true}]}}