{"id":734286,"date":"2026-01-21T01:18:11","date_gmt":"2026-01-21T01:18:11","guid":{"rendered":"https:\/\/www.europesays.com\/de\/734286\/"},"modified":"2026-01-21T01:18:11","modified_gmt":"2026-01-21T01:18:11","slug":"karlsruher-sc-aeussert-sich-erst-spaet-zu-stadionkosten-und-sexismusvorwuerfen-sport","status":"publish","type":"post","link":"https:\/\/www.europesays.com\/de\/734286\/","title":{"rendered":"Karlsruher SC \u00e4u\u00dfert sich erst sp\u00e4t zu Stadionkosten und Sexismusvorw\u00fcrfen &#8211; Sport"},"content":{"rendered":"<p>Karlsruhe. Mit dem 2:0-Erfolg bei Preu\u00dfen M\u00fcnster gelang den Spielern des Karlsruher SC ein Sieg, der auch atmosph\u00e4risch wichtig war. Schon im Trainingslager war die Stimmung zuvor wieder deutlich besser gewesen, nachdem die Entlassung von Co-Trainer Zlatan Bajramovic f\u00fcr viel Unmut gesorgt hatte. In zwei anderen Punkten scheint sich derweil vermeintliche Brandherde als zahme Feuerchen zu entpuppen.<\/p>\n<p>Da w\u00e4re zum einen die Videobotschaft, die Vizepr\u00e4sident Uwe Maisch aus dem Trainingslager in Estepona versandt hat und die mancherorts zum \u201eSexismus-Eklat\u201c wurde.<\/p>\n","protected":false},"excerpt":{"rendered":"Karlsruhe. Mit dem 2:0-Erfolg bei Preu\u00dfen M\u00fcnster gelang den Spielern des Karlsruher SC ein Sieg, der auch atmosph\u00e4risch&hellip;\n","protected":false},"author":2,"featured_media":734287,"comment_status":"","ping_status":"","sticky":false,"template":"","format":"standard","meta":{"footnotes":"","_share_on_mastodon":"0"},"categories":[1844],"tags":[1634,3364,29,347,30,8903,28518,265],"class_list":["post-734286","post","type-post","status-publish","format-standard","has-post-thumbnail","category-karlsruhe","tag-baden-wuerttemberg","tag-de","tag-deutschland","tag-fussball","tag-germany","tag-karlsruhe","tag-ksc","tag-sport"],"share_on_mastodon":{"url":"https:\/\/pubeurope.com\/@de\/115930457902039253","error":""},"_links":{"self":[{"href":"https:\/\/www.europesays.com\/de\/wp-json\/wp\/v2\/posts\/734286","targetHints":{"allow":["GET"]}}],"collection":[{"href":"https:\/\/www.europesays.com\/de\/wp-json\/wp\/v2\/posts"}],"about":[{"href":"https:\/\/www.europesays.com\/de\/wp-json\/wp\/v2\/types\/post"}],"author":[{"embeddable":true,"href":"https:\/\/www.europesays.com\/de\/wp-json\/wp\/v2\/users\/2"}],"replies":[{"embeddable":true,"href":"https:\/\/www.europesays.com\/de\/wp-json\/wp\/v2\/comments?post=734286"}],"version-history":[{"count":0,"href":"https:\/\/www.europesays.com\/de\/wp-json\/wp\/v2\/posts\/734286\/revisions"}],"wp:featuredmedia":[{"embeddable":true,"href":"https:\/\/www.europesays.com\/de\/wp-json\/wp\/v2\/media\/734287"}],"wp:attachment":[{"href":"https:\/\/www.europesays.com\/de\/wp-json\/wp\/v2\/media?parent=734286"}],"wp:term":[{"taxonomy":"category","embeddable":true,"href":"https:\/\/www.europesays.com\/de\/wp-json\/wp\/v2\/categories?post=734286"},{"taxonomy":"post_tag","embeddable":true,"href":"https:\/\/www.europesays.com\/de\/wp-json\/wp\/v2\/tags?post=734286"}],"curies":[{"name":"wp","href":"https:\/\/api.w.org\/{rel}","templated":true}]}}