{"id":734583,"date":"2026-01-21T04:04:40","date_gmt":"2026-01-21T04:04:40","guid":{"rendered":"https:\/\/www.europesays.com\/de\/734583\/"},"modified":"2026-01-21T04:04:40","modified_gmt":"2026-01-21T04:04:40","slug":"bielefeld-gerichtsstreit-um-mufflons-geht-weiter","status":"publish","type":"post","link":"https:\/\/www.europesays.com\/de\/734583\/","title":{"rendered":"Bielefeld: Gerichtsstreit um Mufflons geht weiter"},"content":{"rendered":"<p>Der gerichtliche Dauerstreit um die Bielefelder Mufflonherde geht in die n\u00e4chste Runde. Ein neues Gutachten soll endg\u00fcltige Klarheit bringen, ob die wildlebenden Schafe im Teuto komplett abgeschossen werden d\u00fcrfen.<\/p>\n<p>Forderungen der Klasingschen Familienstiftung<\/p>\n<p>Die Klasingsche Familienstiftung als Waldbesitzer klagt seit Jahren \u00fcber Baum-Sch\u00e4den, die die Mufflons verursachen.<\/p>\n<p>Unterst\u00fctzung f\u00fcr den Erhalt der Mufflonherde<\/p>\n<p>Viele Bielefelder und auch die Stadt sind daf\u00fcr, die Herde unterhalb des Fernsehturms zu erhalten.<\/p>\n","protected":false},"excerpt":{"rendered":"Der gerichtliche Dauerstreit um die Bielefelder Mufflonherde geht in die n\u00e4chste Runde. Ein neues Gutachten soll endg\u00fcltige Klarheit&hellip;\n","protected":false},"author":2,"featured_media":734584,"comment_status":"","ping_status":"","sticky":false,"template":"","format":"standard","meta":{"footnotes":"","_share_on_mastodon":"0"},"categories":[1841],"tags":[1605,3364,29,2690,30,168630,168629,1209,383],"class_list":["post-734583","post","type-post","status-publish","format-standard","has-post-thumbnail","category-bielefeld","tag-bielefeld","tag-de","tag-deutschland","tag-gericht","tag-germany","tag-klasingsche-familienstiftung","tag-mufflons","tag-nordrhein-westfalen","tag-umwelt"],"share_on_mastodon":{"url":"https:\/\/pubeurope.com\/@de\/115931110703820328","error":""},"_links":{"self":[{"href":"https:\/\/www.europesays.com\/de\/wp-json\/wp\/v2\/posts\/734583","targetHints":{"allow":["GET"]}}],"collection":[{"href":"https:\/\/www.europesays.com\/de\/wp-json\/wp\/v2\/posts"}],"about":[{"href":"https:\/\/www.europesays.com\/de\/wp-json\/wp\/v2\/types\/post"}],"author":[{"embeddable":true,"href":"https:\/\/www.europesays.com\/de\/wp-json\/wp\/v2\/users\/2"}],"replies":[{"embeddable":true,"href":"https:\/\/www.europesays.com\/de\/wp-json\/wp\/v2\/comments?post=734583"}],"version-history":[{"count":0,"href":"https:\/\/www.europesays.com\/de\/wp-json\/wp\/v2\/posts\/734583\/revisions"}],"wp:featuredmedia":[{"embeddable":true,"href":"https:\/\/www.europesays.com\/de\/wp-json\/wp\/v2\/media\/734584"}],"wp:attachment":[{"href":"https:\/\/www.europesays.com\/de\/wp-json\/wp\/v2\/media?parent=734583"}],"wp:term":[{"taxonomy":"category","embeddable":true,"href":"https:\/\/www.europesays.com\/de\/wp-json\/wp\/v2\/categories?post=734583"},{"taxonomy":"post_tag","embeddable":true,"href":"https:\/\/www.europesays.com\/de\/wp-json\/wp\/v2\/tags?post=734583"}],"curies":[{"name":"wp","href":"https:\/\/api.w.org\/{rel}","templated":true}]}}