{"id":734813,"date":"2026-01-21T06:15:12","date_gmt":"2026-01-21T06:15:12","guid":{"rendered":"https:\/\/www.europesays.com\/de\/734813\/"},"modified":"2026-01-21T06:15:12","modified_gmt":"2026-01-21T06:15:12","slug":"union-berlin-zum-60-geburtstag-vereinslegenden-und-stadionneubau-sport","status":"publish","type":"post","link":"https:\/\/www.europesays.com\/de\/734813\/","title":{"rendered":"Union Berlin zum 60. Geburtstag: Vereinslegenden und Stadionneubau | Sport"},"content":{"rendered":"<p>Happy Birthday, 1. FC Union! <\/p>\n<p><b>Die Eisernen feiern ihren 60. Geburtstag. Zumindest als Klub, wie man ihn heute kennt. An der Alten F\u00f6rsterei, wo der Festakt stattfindet, wird sogar schon seit 105 Jahren Fu\u00dfball gespielt. Die K\u00f6penicker fahren gro\u00df auf: ein Festzelt f\u00fcr 4.000 Mitglieder. Vor dem Zelt steht eine Leinwand, um weiteren 1.000 Mitgliedern auf dem Stadionparkplatz die Teilnahme zu erm\u00f6glichen.<\/b> <\/p>\n<p>Mehr zum Thema<\/p>\n<p>Zum Auftakt gibt es \u00fcber die Videoleinwand in der Mitte des Festzelts Geburtstagsgr\u00fc\u00dfe von Promis. Darin verr\u00e4t Rapper Finch: Seine Mutter und <a href=\"https:\/\/www.bild.de\/sport\/fussball\/union-berlin\/startseite-union-31148690.bild.html\" class=\"text-link\" rel=\"nofollow noopener\" target=\"_blank\">Union<\/a> teilen sich den Geburtstag. Wie er sagt: \u201eZum Vorteil meiner Mutter, weil so kann ich ihren Geburtstag nie vergessen.\u201c <\/p>\n<p>\u201eUnioner was geht ab?\u201c<\/p>\n<p>Nach Einlauf beider Profi-Mannschaften nimmt Stadionsprecher Christian Arbeit Livan Burcu  (21) zum Interview zur Seite. Unter gro\u00dfem Applaus l\u00e4sst der Youngster sich feiern. Thema unter anderem: Burcus kleiner Ausraster in Stuttgart. <\/p>\n<p><img decoding=\"async\" width=\"992\" height=\"558\" alt=\"Livan Burcu (r., 21) mit Stadionsprecher Christian Arbeit\" src=\"https:\/\/www.europesays.com\/de\/wp-content\/uploads\/2026\/01\/d19062b7dff480bda39d8e1d48ae8bd8,ad6bf8af.jpeg\"   class=\"landscape\" loading=\"lazy\"\/><\/p>\n<p class=\"fig__caption__text\">Livan Burcu (r., 21) mit Stadionsprecher Christian Arbeit <\/p>\n<p>Foto: Matthias Koch<\/p>\n<p>Dort schlug der Linksau\u00dfen gegen die Bank, nachdem er vom Platz musste. Burcu erkl\u00e4rt: \u201eWegen des Gegentreffers habe ich mich ge\u00e4rgert. Aber alles gut.\u201c Dann erg\u00e4nzt \u201eAykut\u201c, <a href=\"https:\/\/www.bild.de\/sport\/fussball\/kabinen-dj-ist-er-auch-haftbefehl-spieler-bekommt-spitznamen-von-rap-idol-693991567a0ab5a4f7a80f23\" class=\"text-link\" rel=\"nofollow noopener\" target=\"_blank\">wie er nach Rapper Haftbefehl genannt wir<\/a>d, ganz in Rapper-Manier: \u201eUnioner, was geht ab?\u201c <\/p>\n<p>Auch interessant<\/p>\n<p>Anzeige<\/p>\n<p>Auch interessant<\/p>\n<p>Anzeige<\/p>\n<p>Die Vereinsgeschichte feiern, ohne \u00fcber den Stadionneubau zu sprechen? Unm\u00f6glich. Darauf angesprochen erkl\u00e4rt Pr\u00e4sident Dirk Zingler: \u201eIch kann heute sagen, dass es in der politischen F\u00fchrung dieser Stadt niemanden gibt, der das nicht will. Alles, was wir heute in die Planung investieren, macht den Bau sicherer.\u201c<\/p>\n<p>Au\u00dferdem betont Zingler, den Weg der Gleichbehandlung beider Profimannschaften weiterf\u00fchren zu wollen. Die Frauenmannschaft spielt ebenfalls in der Alten F\u00f6rsterei, wird sich k\u00fcnftig das Trainingszentrum mit den M\u00e4nnern teilen. Zingler: \u201eMir ist kein anderer Verein bekannt, wo Frauen und M\u00e4nner die gleichen Bedingungen haben. Und mir ist auch nicht bekannt, dass es irgendwo einen Trainingsplatz auf einem Parkhaus gibt.\u201c<\/p>\n<p>Das ist Unions Legenden-Elf aus 60 Jahren!<\/p>\n<p>Immer noch aktiv, aber jetzt schon Vereinslegende: Frederik R\u00f6nnow (33) als Torwart. Darauf angesprochen sagt er: \u201eSchon Wahnsinn. Das ist f\u00fcr mich eine gro\u00dfe Ehre, ich bin sehr stolz und dankbar.\u201c<\/p>\n<p>Die Viererkette davor bilden: Ronny Nikol (51), Christian Stuff (43), Michael Parensen (39) und der aktuelle Kapit\u00e4n Christopher Trimmel (38). Letzterer verl\u00e4ngerte im Zuge dessen direkt seinen Vertrag. <\/p>\n<p>Angesichts des Umzugs ins Olympiastadion kann Stuff die Eisernen beruhigen: \u201eSo unwirklich wie das vielleicht ist, in das ungeliebte Stadion. Aber wir hatten einen unglaublichen Lauf und das war von den Ergebnissen und der Euphorie meine sch\u00f6nste Saison.\u201c<\/p>\n<p>Hintern versohlt: NFL-Stars dem\u00fctigen ihren Gegner mit G\u00fcrtel<a class=\"anchor video-teaser__anchor\" href=\"https:\/\/www.bild.de\/sport\/mehr-sport\/hintern-versohlt-nfl-stars-demuetigen-ihren-gegner-mit-guertel-696f739b3d320412aa60de7d\" rel=\"nofollow noopener\" target=\"_blank\"><img decoding=\"async\" width=\"992\" height=\"558\" alt=\"\" src=\"https:\/\/www.europesays.com\/de\/wp-content\/uploads\/2026\/01\/5efba50bb30407c15a128a9a9c77cff8-landscape,d08f88bf.jpeg\"   class=\"landscape teaser__image\" loading=\"lazy\"\/><\/a><\/p>\n<p>Quelle: BILD \/ NFL20.01.2026<\/p>\n<p>Das Mittelfeld: Olaf \u201eLeo\u201c Seier (67), Lutz Hendel (67),  Damir Kreilach (36), Thorsten Mattuschka (45).<\/p>\n<p>Die Doppelspitze: Joachim Sigusch (78), Karim Benyamina (44).<\/p>\n","protected":false},"excerpt":{"rendered":"Happy Birthday, 1. FC Union! Die Eisernen feiern ihren 60. Geburtstag. Zumindest als Klub, wie man ihn heute&hellip;\n","protected":false},"author":2,"featured_media":734814,"comment_status":"","ping_status":"","sticky":false,"template":"","format":"standard","meta":{"footnotes":"","_share_on_mastodon":"0"},"categories":[1825],"tags":[297,296,29,538,347,30,138404,119166,806,21082,45,23263,51413],"class_list":["post-734813","post","type-post","status-publish","format-standard","has-post-thumbnail","category-berlin","tag-1-fc-union-berlin","tag-berlin","tag-deutschland","tag-erste-bundesliga","tag-fussball","tag-germany","tag-mattuschka-torsten","tag-roennow-frederik","tag-sport-leuchtturm-berlin","tag-stadion-an-der-alten-foersterei","tag-texttospeech","tag-trimmel-christopher","tag-zingler-dirk"],"share_on_mastodon":{"url":"https:\/\/pubeurope.com\/@de\/115931625941552278","error":""},"_links":{"self":[{"href":"https:\/\/www.europesays.com\/de\/wp-json\/wp\/v2\/posts\/734813","targetHints":{"allow":["GET"]}}],"collection":[{"href":"https:\/\/www.europesays.com\/de\/wp-json\/wp\/v2\/posts"}],"about":[{"href":"https:\/\/www.europesays.com\/de\/wp-json\/wp\/v2\/types\/post"}],"author":[{"embeddable":true,"href":"https:\/\/www.europesays.com\/de\/wp-json\/wp\/v2\/users\/2"}],"replies":[{"embeddable":true,"href":"https:\/\/www.europesays.com\/de\/wp-json\/wp\/v2\/comments?post=734813"}],"version-history":[{"count":0,"href":"https:\/\/www.europesays.com\/de\/wp-json\/wp\/v2\/posts\/734813\/revisions"}],"wp:featuredmedia":[{"embeddable":true,"href":"https:\/\/www.europesays.com\/de\/wp-json\/wp\/v2\/media\/734814"}],"wp:attachment":[{"href":"https:\/\/www.europesays.com\/de\/wp-json\/wp\/v2\/media?parent=734813"}],"wp:term":[{"taxonomy":"category","embeddable":true,"href":"https:\/\/www.europesays.com\/de\/wp-json\/wp\/v2\/categories?post=734813"},{"taxonomy":"post_tag","embeddable":true,"href":"https:\/\/www.europesays.com\/de\/wp-json\/wp\/v2\/tags?post=734813"}],"curies":[{"name":"wp","href":"https:\/\/api.w.org\/{rel}","templated":true}]}}