{"id":734815,"date":"2026-01-21T06:16:14","date_gmt":"2026-01-21T06:16:14","guid":{"rendered":"https:\/\/www.europesays.com\/de\/734815\/"},"modified":"2026-01-21T06:16:14","modified_gmt":"2026-01-21T06:16:14","slug":"cheyenne-ochsenknecht-nino-sifkovits-ehrliche-worte-ueber-hof-alltag","status":"publish","type":"post","link":"https:\/\/www.europesays.com\/de\/734815\/","title":{"rendered":"Cheyenne Ochsenknecht &#038; Nino Sifkovits: Ehrliche Worte \u00fcber Hof-Alltag"},"content":{"rendered":"<p>Interview<\/p>\n<p>  Cheyenne Ochsenknecht &amp; Nino Sifkovits: Ehrliche Worte \u00fcber Hof-Alltag &#8211; &#8222;Ist nicht immer einfach&#8220;<\/p>\n<p>Cheyenne Ochsenknecht und ihr Ehemann Nino Sifkovits plaudern aus dem N\u00e4hk\u00e4stchen &#8211; oder besser gesagt &#8211; aus dem Stall: Ab dem 20. Januar k\u00f6nnen sich Fans des Paares auf ein besonderes Special ihrer Sky-Reality-Doku &#8222;Unser Hof&#8220; freuen, in der die beiden ehrliche Einblicke in ihren Alltag zwischen Hof, Kindern und \u00d6ffentlichkeit geben. OKmag.de hat den beiden passend zur Specialfolge einige Fragen gestellt.\u00a0<\/p>\n<p>Cheyenne Ochsenknecht &amp; Nino Sifkovits: Special-Folge von &#8222;Unser Hof&#8220;<\/p>\n<p>Das neue Jahr startet f\u00fcr die Fans von Cheyenne Ochsenknecht (25) und Ehemann Nino Sifkovits (30) mit einem besonderen Highlight: Ab dem 20. Januar ist auf Sky n\u00e4mlich eine Special-Folge ihrer <strong>Reality-Doku &#8222;Unser Hof \u2013 Mit Cheyenne und Nino&#8220; <\/strong>zu sehen, in der die Eltern von zwei Kindern aktuelle Einblicke in ihren Alltag zwischen Hof, Familienleben und der \u00d6ffentlichkeit geben sowie auf das letzte, turbulente Jahr zur\u00fcckblicken. Was Cheyenne und Nino dabei besonders wichtig war, bei welchen Themen sie sich unsicher waren, ob diese so im TV gezeigt werden sollen, was in diesem Jahr bei den beiden ansteht und wo sie klare Grenzen ziehen, verrieten die beiden vorab im Interview mit OKmag.de.<\/p>\n<p><strong>OKmag: Das neue Jahr startet f\u00fcr euch mit einer Sonderfolge von \u201eUnser Hof\u201c. Was war euch besonders wichtig, den Zuschauern in diesem einst\u00fcndigen Special zu zeigen?<\/strong><\/p>\n<p>Cheyenne Ochsenknecht &amp; Nino Sifkovits: &#8222;Uns war vor allem wichtig, ehrlich zur\u00fcckzublicken. Das vergangene Jahr hatte viele sch\u00f6ne, aber auch herausfordernde Momente \u2013 und genau diese Mischung wollten wir zeigen. Nicht nur das, was gut funktioniert, sondern auch das, was uns Kraft gekostet hat. Die Sonderfolge sollte ein echtes Bild unseres Alltags zeichnen und zeigen, dass hinter dem Hofleben viel Arbeit, Zusammenhalt und Herzblut steckt.&#8220;<\/p>\n<p><strong>OKmag: Ihr blickt auf ein sehr ereignisreiches Jahr mit der ganzen Familie zur\u00fcck. Welche Momente waren f\u00fcr euch besonders pr\u00e4gend \u2013 auf dem Hof, aber auch privat?<\/strong><\/p>\n<p>Cheyenne Ochsenknecht &amp; Nino Sifkovits: &#8222;Auf dem Hof waren es vor allem die Situationen, in denen wir als Familie zusammenhalten mussten \u2013 sei es bei unerwarteten Problemen mit den Tieren oder arbeitsintensiven Phasen, in denen einfach alles gleichzeitig kam. Privat waren es die ruhigeren Momente, die uns gepr\u00e4gt haben: gemeinsame Gespr\u00e4che, Entscheidungen, die wir treffen mussten, und auch das bewusste Innehalten. Diese Balance zwischen Belastung und N\u00e4he hat uns als Familie sehr zusammengeschwei\u00dft.&#8220;<\/p>\n<p>&#8222;Wenn es um emotionale oder pers\u00f6nliche Themen geht, fragt man sich nat\u00fcrlich: Muss das wirklich gezeigt werden?&#8220;<\/p>\n<p><strong>OKmag: In dem Special &#8211; und generell &#8211; gew\u00e4hrt ihr sehr intime Einblicke in euren Alltag. Gab es Szenen oder Themen, bei denen ihr kurz gez\u00f6gert habt, sie \u00f6ffentlich zu machen?<\/strong><\/p>\n<p>Cheyenne Ochsenknecht &amp; Nino Sifkovits: &#8222;Ja, definitiv. Gerade wenn es um emotionale oder sehr pers\u00f6nliche Themen geht, fragt man sich nat\u00fcrlich: <strong>Muss das wirklich gezeigt werden? <\/strong>Aber am Ende haben wir uns oft daf\u00fcr entschieden, ehrlich zu sein \u2013 weil genau diese Momente vielen Zuschauern aus dem Herzen sprechen. Trotzdem ziehen wir klare Grenzen, vor allem wenn es um unsere Kinder oder sehr private famili\u00e4re Themen geht.&#8220;<\/p>\n<p><strong>OKmag: Der Hof ist nicht nur euer Zuhause, sondern auch ein Arbeitsplatz. Wie schafft ihr es, Familie, Beziehung und Verantwortung f\u00fcr Tiere unter einen Hut zu bringen?<\/strong><\/p>\n<p>Cheyenne Ochsenknecht &amp; Nino Sifkovits: &#8222;Ganz ehrlich: <strong>Es ist nicht immer einfach<\/strong>. Der Hof kennt keine festen Arbeitszeiten, und die Tiere brauchen uns jeden Tag. Was uns hilft, sind klare Absprachen, gegenseitiges Verst\u00e4ndnis und das Wissen, dass wir nur gemeinsam funktionieren. Wir versuchen, uns bewusst kleine Auszeiten als Familie zu nehmen \u2013 auch wenn das manchmal nur ein gemeinsames Abendessen oder ein kurzer Spaziergang ist.&#8220;<\/p>\n<p><strong>OKmag: Worauf freut ihr euch im neuen Jahr am meisten \u2013 auf dem Hof und als Familie?<\/strong><\/p>\n<p>Cheyenne Ochsenknecht &amp; Nino Sifkovits: &#8222;Wir freuen uns vor allem auf ein hoffentlich etwas ruhigeres Jahr mit neuen Chancen. <strong>Auf dem Hof stehen spannende Entwicklungen an,<\/strong> auf die wir stolz sind und die wir weiter voranbringen wollen. Als Familie w\u00fcnschen wir uns vor allem Gesundheit, Zeit f\u00fcreinander und viele kleine Momente, die uns zeigen, warum wir diesen Weg gemeinsam gehen.&#8220;<\/p>\n<p>&#8222;Unser Hof \u2013 Mit Cheyenne und Nino&#8220; kannst Du dir jederzeit bei Sky ansehen.<\/p>\n<p><strong>Verwendete Quellen<\/strong>: Eigenes Interview<\/p>\n","protected":false},"excerpt":{"rendered":"Interview Cheyenne Ochsenknecht &amp; Nino Sifkovits: Ehrliche Worte \u00fcber Hof-Alltag &#8211; &#8222;Ist nicht immer einfach&#8220; Cheyenne Ochsenknecht und&hellip;\n","protected":false},"author":2,"featured_media":734816,"comment_status":"","ping_status":"","sticky":false,"template":"","format":"standard","meta":{"footnotes":"","_share_on_mastodon":"0"},"categories":[1776],"tags":[1801,45621,106064,29,214,30,1802,168661,215],"class_list":["post-734815","post","type-post","status-publish","format-standard","has-post-thumbnail","category-prominente","tag-celebrities","tag-cheyenne-ochsenknecht","tag-deutsche-stars","tag-deutschland","tag-entertainment","tag-germany","tag-prominente","tag-reality-shows","tag-unterhaltung"],"share_on_mastodon":{"url":"https:\/\/pubeurope.com\/@de\/115931629632769557","error":""},"_links":{"self":[{"href":"https:\/\/www.europesays.com\/de\/wp-json\/wp\/v2\/posts\/734815","targetHints":{"allow":["GET"]}}],"collection":[{"href":"https:\/\/www.europesays.com\/de\/wp-json\/wp\/v2\/posts"}],"about":[{"href":"https:\/\/www.europesays.com\/de\/wp-json\/wp\/v2\/types\/post"}],"author":[{"embeddable":true,"href":"https:\/\/www.europesays.com\/de\/wp-json\/wp\/v2\/users\/2"}],"replies":[{"embeddable":true,"href":"https:\/\/www.europesays.com\/de\/wp-json\/wp\/v2\/comments?post=734815"}],"version-history":[{"count":0,"href":"https:\/\/www.europesays.com\/de\/wp-json\/wp\/v2\/posts\/734815\/revisions"}],"wp:featuredmedia":[{"embeddable":true,"href":"https:\/\/www.europesays.com\/de\/wp-json\/wp\/v2\/media\/734816"}],"wp:attachment":[{"href":"https:\/\/www.europesays.com\/de\/wp-json\/wp\/v2\/media?parent=734815"}],"wp:term":[{"taxonomy":"category","embeddable":true,"href":"https:\/\/www.europesays.com\/de\/wp-json\/wp\/v2\/categories?post=734815"},{"taxonomy":"post_tag","embeddable":true,"href":"https:\/\/www.europesays.com\/de\/wp-json\/wp\/v2\/tags?post=734815"}],"curies":[{"name":"wp","href":"https:\/\/api.w.org\/{rel}","templated":true}]}}