{"id":734899,"date":"2026-01-21T07:06:13","date_gmt":"2026-01-21T07:06:13","guid":{"rendered":"https:\/\/www.europesays.com\/de\/734899\/"},"modified":"2026-01-21T07:06:13","modified_gmt":"2026-01-21T07:06:13","slug":"verspaetungen-und-ausfaelle-beim-pannenzug-re-1-drohen","status":"publish","type":"post","link":"https:\/\/www.europesays.com\/de\/734899\/","title":{"rendered":"Versp\u00e4tungen und Ausf\u00e4lle beim Pannenzug RE 1 drohen"},"content":{"rendered":"<p>Versp\u00e4tungen und Ausf\u00e4lle drohen <\/p>\n<p>Wieder Verz\u00f6gerungen bei bayerischem Pannenzug<\/p>\n<p>21.01.2026 &#8211; 07:47 UhrLesedauer: 1 Min.<\/p>\n<p><a href=\"#focus-0\" class=\"transition-colors duration-200 block text-current relative\" data-sctrack=\"FocusGalleryImage.Reference\"><img fetchpriority=\"high\" data-testid=\"Opener.Image\" style=\"--lqipURL:url('https:\/\/images.t-online.de\/2024\/09\/sw4n3055qlHq\/0x209:4000x2250\/fit-in\/150x0\/filters:blur(25)\/ein-regionalexpress-nach-muenchen-faehrt-in-den-nuernberger-hauptbahnhof-ein-der-bahnhof-gilt-als-passagierfreundlich.jpg')\"   loading=\"eager\" src=\"https:\/\/www.europesays.com\/de\/wp-content\/uploads\/2026\/01\/ein-regionalexpress-nach-muenchen-faehrt-in-den-nuernberger-hauptbahnhof-ein-der-bahnhof-gilt-als-pa.jpeg\" alt=\"Ein Regionalexpress nach M\u00fcnchen f\u00e4hrt in den N\u00fcrnberger Hauptbahnhof ein. Der Bahnhof gilt als passagierfreundlich.\" title=\"Ein Regionalexpress nach M\u00fcnchen f\u00e4hrt in den N\u00fcrnberger Hauptbahnhof ein. Der Bahnhof gilt als passagierfreundlich.\" width=\"4000\" height=\"2250\" class=\"bg-[url:var(--lqipURL)] bg-cover bg-center flex h-full w-full max-w-full\" decoding=\"async\"\/><img style=\"--width:32;--height:32\" loading=\"lazy\" src=\"https:\/\/nuernberg.t-online.de\/s\/paper\/_next\/static\/media\/zoom-in.f7dae02f.svg\" alt=\"Vergr\u00f6\u00dfern des Bildes\" title=\"Vergr\u00f6\u00dfern des Bildes\" class=\"block h-[calc(var(--height)_\/_16_*_1rem)] w-[calc(var(--width)_\/_16_*_1rem)] max-w-none absolute bottom-8 right-8 rounded-4 bg-snow p-8\" decoding=\"async\"\/><\/a><\/p>\n<p>Ein Zug der Linie RE 1 am N\u00fcrnberger Hauptbahnhof (Archivbild): Auf der Linie kommt es h\u00e4ufig zu Ausf\u00e4llen. (Quelle: IMAGO)<\/p>\n<p class=\"font-bold text-18 leading-17\">Bahnfahrer in Bayern brauchen wieder einmal starke Nerven. Auf der Linie zwischen den beiden gr\u00f6\u00dften St\u00e4dten des Landes drohen Versp\u00e4tungen und Ausf\u00e4lle.<\/p>\n<p class=\"text-18 leading-17\">Wer am Mittwoch mit dem RE 1 zwischen N\u00fcrnberg, Ingolstadt und M\u00fcnchen unterwegs ist, muss sich wieder einmal auf Verz\u00f6gerungen einstellen. Grund sind Reparaturarbeiten an der Strecke zwischen den Bahnh\u00f6fen Allersberg (Rothsee) und Kinding (Altm\u00fchltal). Der Abschnitt sei aktuell nur eingleisig befahrbar, teilt die Bahn in ihrem St\u00f6rungssticker mit.<\/p>\n<p class=\"text-18 leading-17\">Die Folge seien Versp\u00e4tungen von bis zu 30 Minuten in beide Fahrtrichtungen. Zudem k\u00f6nne es auch kurzfristig zu Teilausf\u00e4llen kommen, hei\u00dft es von der Bahn weiter. Die Einschr\u00e4nkungen bestehen demnach bereits seit Dienstag, am Donnerstag (22. Januar) sollen sie wieder behoben sein.<\/p>\n<p class=\"text-18 leading-17\">Besserung gelobt das Unternehmen ab 2028. Dann soll die Verbindung durchgehend im Stundentakt angeboten werden. Zudem sollen laut bayerischem Verkehrsministerium neue Z\u00fcge des Herstellers Siemens zum Einsatz kommen. Diese Doppelst\u00fcckz\u00fcge sind in Bayern bereits an anderer Stelle unterwegs \u2013 etwa auf der Bahnstrecke N\u00fcrnberg, Bamberg und Erfurt.<\/p>\n<p class=\"text-18 leading-17\">B\u00e4rbel Fuchs, die Gesch\u00e4ftsf\u00fchrerin der Bayerischen Eisenbahngesellschaft (BEG), sagte 2025: &#8222;Wir gehen deshalb davon aus, dass sich Fahrg\u00e4ste sp\u00e4testens ab Ende 2028 auf ein deutlich zuverl\u00e4ssigeres Angebot freuen k\u00f6nnen.&#8220; Verkehrsminister Bernreiter sprach von einem &#8222;starken Signal an Bahnfahrerinnen und Bahnfahrer in Zeiten knapper Kassen.&#8220;<\/p>\n","protected":false},"excerpt":{"rendered":"Versp\u00e4tungen und Ausf\u00e4lle drohen Wieder Verz\u00f6gerungen bei bayerischem Pannenzug 21.01.2026 &#8211; 07:47 UhrLesedauer: 1 Min. Ein Zug der&hellip;\n","protected":false},"author":2,"featured_media":734900,"comment_status":"","ping_status":"","sticky":false,"template":"","format":"standard","meta":{"footnotes":""},"categories":[1837],"tags":[168677,99053,1325,772,3364,29,30,3601,11148,42786,1268,3783,168676,161811,2898],"class_list":{"0":"post-734899","1":"post","2":"type-post","3":"status-publish","4":"format-standard","5":"has-post-thumbnail","7":"category-nuernberg","8":"tag-allersberg","9":"tag-altmuehltal","10":"tag-ausfall","11":"tag-bayern","12":"tag-de","13":"tag-deutschland","14":"tag-germany","15":"tag-hauptbahnhof","16":"tag-ingolstadt","17":"tag-kinding","18":"tag-muenchen","19":"tag-nuernberg","20":"tag-pannenzug","21":"tag-rothsee","22":"tag-verspaetung"},"share_on_mastodon":{"url":"https:\/\/pubeurope.com\/@de\/115931826407009232","error":""},"_links":{"self":[{"href":"https:\/\/www.europesays.com\/de\/wp-json\/wp\/v2\/posts\/734899","targetHints":{"allow":["GET"]}}],"collection":[{"href":"https:\/\/www.europesays.com\/de\/wp-json\/wp\/v2\/posts"}],"about":[{"href":"https:\/\/www.europesays.com\/de\/wp-json\/wp\/v2\/types\/post"}],"author":[{"embeddable":true,"href":"https:\/\/www.europesays.com\/de\/wp-json\/wp\/v2\/users\/2"}],"replies":[{"embeddable":true,"href":"https:\/\/www.europesays.com\/de\/wp-json\/wp\/v2\/comments?post=734899"}],"version-history":[{"count":0,"href":"https:\/\/www.europesays.com\/de\/wp-json\/wp\/v2\/posts\/734899\/revisions"}],"wp:featuredmedia":[{"embeddable":true,"href":"https:\/\/www.europesays.com\/de\/wp-json\/wp\/v2\/media\/734900"}],"wp:attachment":[{"href":"https:\/\/www.europesays.com\/de\/wp-json\/wp\/v2\/media?parent=734899"}],"wp:term":[{"taxonomy":"category","embeddable":true,"href":"https:\/\/www.europesays.com\/de\/wp-json\/wp\/v2\/categories?post=734899"},{"taxonomy":"post_tag","embeddable":true,"href":"https:\/\/www.europesays.com\/de\/wp-json\/wp\/v2\/tags?post=734899"}],"curies":[{"name":"wp","href":"https:\/\/api.w.org\/{rel}","templated":true}]}}