{"id":735881,"date":"2026-01-21T16:06:15","date_gmt":"2026-01-21T16:06:15","guid":{"rendered":"https:\/\/www.europesays.com\/de\/735881\/"},"modified":"2026-01-21T16:06:15","modified_gmt":"2026-01-21T16:06:15","slug":"fahrgast-eingeschlafen-taschendieb-nutzt-guenstige-gelegenheit","status":"publish","type":"post","link":"https:\/\/www.europesays.com\/de\/735881\/","title":{"rendered":"Fahrgast eingeschlafen: Taschendieb nutzt g\u00fcnstige Gelegenheit"},"content":{"rendered":"<p id=\"absatz1\" class=\"em_text\">Bielefeld (ots) &#8211; <br \/>SI \/ Bielefeld \/ Stadtgebiet &#8211; Ein bisher unbekannter T\u00e4ter stahl am Montag, 19.01.2026, in der Stadtbahnlinie 1 das Portemonnaie eines Bielefelders.<\/p>\n<p id=\"absatz2\" class=\"em_text\">Der 42-J\u00e4hrige stellte zu Hause fest, dass seine Geldb\u00f6rse fehlte. Er geht davon aus, dass ein Taschendieb in seinen Rucksack griff, als er in der Stadtbahn kurz eingeschlafen war. Den Rucksack hatte er w\u00e4hrend der Fahrt auf dem Scho\u00df liegen.<\/p>\n<p id=\"absatz4\" class=\"em_text\">Die Tat soll sich am Montag zwischen 10:30 Uhr und 12:30 Uhr ereignet haben.<\/p>\n<p id=\"absatz5\" class=\"em_text\">Die Polizei erinnert daran, Wertgegenst\u00e4nde immer nah am K\u00f6rper zu tragen. Geben Sie Taschendieben keine Chance und tragen Sie Ihre Geldb\u00f6rse zum Beispiel in der Innentasche Ihrer Jacke.<\/p>\n<p id=\"absatz6\" class=\"em_text\">Hinweise zu dem Diebstahl oder verd\u00e4chtigen Personen nimmt das Kriminalkommissariat 33 unter der 0521\/545-0 entgegen.<\/p>\n<p id=\"absatz7\" class=\"em_text\">Quelle: <a href=\"https:\/\/www.presseportal.de\/blaulicht\/pm\/12522\/6201040\" rel=\"nofollow noopener\" target=\"_blank\">https:\/\/www.presseportal.de\/blaulicht\/pm\/12522\/6201040<\/a> <\/p>\n","protected":false},"excerpt":{"rendered":"Bielefeld (ots) &#8211; SI \/ Bielefeld \/ Stadtgebiet &#8211; Ein bisher unbekannter T\u00e4ter stahl am Montag, 19.01.2026, in&hellip;\n","protected":false},"author":2,"featured_media":215667,"comment_status":"","ping_status":"","sticky":false,"template":"","format":"standard","meta":{"footnotes":""},"categories":[1841],"tags":[1605,3364,29,23460,30,177,1209,176,121,20035,26090,2804],"class_list":{"0":"post-735881","1":"post","2":"type-post","3":"status-publish","4":"format-standard","5":"has-post-thumbnail","7":"category-bielefeld","8":"tag-bielefeld","9":"tag-de","10":"tag-deutschland","11":"tag-geldbrse","12":"tag-germany","13":"tag-kriminalitt","14":"tag-nordrhein-westfalen","15":"tag-nrw","16":"tag-polizei","17":"tag-serie_polizeibericht","18":"tag-stadtbahnlinie","19":"tag-stadtgebiet"},"share_on_mastodon":{"url":"https:\/\/pubeurope.com\/@de\/115933950147296802","error":""},"_links":{"self":[{"href":"https:\/\/www.europesays.com\/de\/wp-json\/wp\/v2\/posts\/735881","targetHints":{"allow":["GET"]}}],"collection":[{"href":"https:\/\/www.europesays.com\/de\/wp-json\/wp\/v2\/posts"}],"about":[{"href":"https:\/\/www.europesays.com\/de\/wp-json\/wp\/v2\/types\/post"}],"author":[{"embeddable":true,"href":"https:\/\/www.europesays.com\/de\/wp-json\/wp\/v2\/users\/2"}],"replies":[{"embeddable":true,"href":"https:\/\/www.europesays.com\/de\/wp-json\/wp\/v2\/comments?post=735881"}],"version-history":[{"count":0,"href":"https:\/\/www.europesays.com\/de\/wp-json\/wp\/v2\/posts\/735881\/revisions"}],"wp:featuredmedia":[{"embeddable":true,"href":"https:\/\/www.europesays.com\/de\/wp-json\/wp\/v2\/media\/215667"}],"wp:attachment":[{"href":"https:\/\/www.europesays.com\/de\/wp-json\/wp\/v2\/media?parent=735881"}],"wp:term":[{"taxonomy":"category","embeddable":true,"href":"https:\/\/www.europesays.com\/de\/wp-json\/wp\/v2\/categories?post=735881"},{"taxonomy":"post_tag","embeddable":true,"href":"https:\/\/www.europesays.com\/de\/wp-json\/wp\/v2\/tags?post=735881"}],"curies":[{"name":"wp","href":"https:\/\/api.w.org\/{rel}","templated":true}]}}