{"id":735982,"date":"2026-01-21T17:01:21","date_gmt":"2026-01-21T17:01:21","guid":{"rendered":"https:\/\/www.europesays.com\/de\/735982\/"},"modified":"2026-01-21T17:01:21","modified_gmt":"2026-01-21T17:01:21","slug":"sebastian-stroebel-ermittelt-in-einsatz-seeler-ein-luebeck-krimi","status":"publish","type":"post","link":"https:\/\/www.europesays.com\/de\/735982\/","title":{"rendered":"Sebastian Str\u00f6bel ermittelt in \u201eEinsatz Seeler \u2013 Ein L\u00fcbeck-Krimi\u201c"},"content":{"rendered":"<p>\u201eEinsatz Seeler \u2013 Ein L\u00fcbeck-Krimi\u201cZwischen Homeoffice, Rasenm\u00e4hen und Mordverdacht: So ermittelt Sebastian Str\u00f6bel jetzt bei RTL<\/p>\n<p>20. Januar 2026 um 14:31 Uhr<\/p>\n<p class=\"AnnotatedMarkup_paragraph__IUT9l\"><strong>\u00dcber sein Privatleben spricht Sebastian Str\u00f6bel eigentlich nur ungern. <\/strong><br \/>Doch f\u00fcr seine neue Rolle macht der Schauspieler eine Ausnahme \u2013 zumindest ein bisschen. Denn f\u00fcr den neuen RTL-Krimi tauscht er die gewohnte Bergluft aus \u201eDie Bergretter\u201c gegen norddeutsche Krimi-Spannung in L\u00fcbeck. Warum Dreharbeiten in der Heimat f\u00fcr ihn trotzdem eine echte Umstellung sind \u2013 und was sein ganz pers\u00f6nliches \u201eHomeoffice\u201c damit zu tun hat \u2013, zeigt das Video oben im Artikel.<\/p>\n<p>Darum geht es im neuen Krimi \u201eEinsatz Seeler \u2013 Ein L\u00fcbeck-Krimi\u201c<\/p>\n<p class=\"AnnotatedMarkup_paragraph__IUT9l\">Am \u201eT\u00f6dlichen Dienst-Tag\u201c startet bei RTL eine neue Krimireihe: <strong>\u201eEinsatz Seeler \u2013 Ein L\u00fcbeck-Krimi\u201c<\/strong>. Sebastian Str\u00f6bel spielt Ex-Polizist Eric Seeler, der nach einem Bruch mit seinem alten Leben als Streetworker arbeitet und sich um Jugendliche k\u00fcmmert, die sonst niemand im Blick hat. Halt findet er dabei vor allem bei seinem Hund Gwena.<br \/>Als einer seiner Sch\u00fctzlinge pl\u00f6tzlich unter Mordverdacht ger\u00e4t, kann Seeler nicht wegsehen \u2013 und ger\u00e4t erneut mitten in Ermittlungen. Dabei trifft er auf Kommissarin Hannah Vogt (Friederike Linke), die mit Seelers unkonventioneller Art zun\u00e4chst wenig anfangen kann. Doch je tiefer der Fall f\u00fchrt, desto klarer wird: Gegens\u00e4tze ziehen sich an \u2013 und k\u00f6nnten ein starkes Ermittlerteam formen.<\/p>\n<p class=\"AnnotatedMarkup_paragraph__IUT9l\"><strong>Lese-Tipp: <\/strong><a href=\"https:\/\/www.rtl.de\/serien\/einsatz-seeler-ein-luebeck-krimi-jetzt-im-tv-und-im-stream-auf-rtl-sehen-id30234574.html\" target=\"_self\" rel=\"nofollow noopener\">\u201eEinsatz Seeler &#8211; Ein L\u00fcbeck-Krimi\u201d im RTL-Livestream sehen<\/a><\/p>\n<p class=\"AnnotatedMarkup_paragraph__IUT9l\">Der erste Film tr\u00e4gt den Titel \u201eGeld wie Heu\u201c und f\u00fchrt direkt in die moralischen Grauzonen von Macht, Verantwortung und Schuld.<\/p>\n<p>Sebastian Str\u00f6bel zwischen Familie, Drehs und Hoffnung<\/p>\n<p class=\"AnnotatedMarkup_paragraph__IUT9l\">Sebastian Str\u00f6bel kennt das Pendeln zwischen Job und Privatleben nur zu gut. Seit \u00fcber zehn Jahren steht er als \u201eBergretter\u201c regelm\u00e4\u00dfig monatelang in \u00d6sterreich vor der Kamera \u2013 fernab von seiner Frau und den vier T\u00f6chtern. Umso besonderer war es f\u00fcr ihn diesmal in seiner Heimatregion zu drehen. Ganz entspannt ist das allerdings nicht: Wenn Arbeit und Familie so nah beieinander liegen, verschwimmen n\u00e4mlich mal schnell die Grenzen. Der Schauspieler hat schon von einigen geh\u00f6rt, dass die Trennung zwischen Heim und Job nicht ganz so leicht zu trennen sei: \u201eDie sagen es ist halt nervig, weil diese Trennung zu machen zwischen ,ich arbeite aber jetzt\u2019 und ,aber kannst du bitte kurz zwischenzeitlich den Rasen m\u00e4hen, da verschwimmen die Grenzen.\u2019\u201d<\/p>\n<p>Anzeige:<\/p>\n<p>Empfehlungen unserer Partner<\/p>\n<p>\u201eEinsatz Seeler &#8211; Ein L\u00fcbeck-Krimi\u201d auf RTL+ streamen<\/p>\n<p class=\"AnnotatedMarkup_paragraph__IUT9l\">\u201eEinsatz Seeler &#8211; Ein L\u00fcbeck-Krimi\u201d l\u00e4uft am<strong> Dienstag, 20. Januar 2026, um 20.15 Uhr<\/strong> bei RTL. Parallel zur TV-Ausstrahlung ist <strong><a href=\"https:\/\/plus.rtl.de\/video-tv\/live-tv\/rtl-1?utm_campaign=textlink_livestreamartikel&amp;utm_source=rtl&amp;utm_medium=owned&amp;utm_term=einsatz-seeler-ein-luebeck-krimi&amp;utm_content=30234574\" target=\"_blank\" rel=\"nofollow noopener\">\u201eEinsatz Seeler &#8211; Ein L\u00fcbeck-Krimi\u201d im RTL-Livestream auf RTL+<\/a><\/strong> zu sehen.<\/p>\n<p><img alt=\"Einsatz Seeler - Ein L\u00fcbeck-Krimi\" fetchpriority=\"auto\" loading=\"lazy\" width=\"615\" height=\"346\" decoding=\"async\" data-nimg=\"1\" class=\"Image_image__SdgLQ RtlPlusContent_image__Gbn0N\" style=\"color:transparent\"   src=\"https:\/\/www.europesays.com\/de\/wp-content\/uploads\/2026\/01\/9574d.webp.webp\"\/><\/p>\n<p class=\"AnnotatedMarkup_paragraph__IUT9l\"><a href=\"https:\/\/plus.rtl.de\/video-tv\/serien\/einsatz-seeler-ein-luebeck-krimi-1039731?utm_campaign=textlink_livestreamartikel&amp;utm_source=rtl&amp;utm_medium=owned&amp;utm_term=einsatz-seeler-ein-luebeck-krimi&amp;utm_content=30234574\" target=\"_blank\" rel=\"nofollow noopener\">\u201eEinsatz Seeler &#8211; Ein L\u00fcbeck-Krimi\u201d steht nach Ausstrahlung auf RTL+ zum Streamen bereit. <\/a>(msu)<\/p>\n<p class=\"AnnotatedMarkup_paragraph__IUT9l\">Verwendete Quellen: RTL<\/p>\n","protected":false},"excerpt":{"rendered":"\u201eEinsatz Seeler \u2013 Ein L\u00fcbeck-Krimi\u201cZwischen Homeoffice, Rasenm\u00e4hen und Mordverdacht: So ermittelt Sebastian Str\u00f6bel jetzt bei RTL 20. Januar&hellip;\n","protected":false},"author":2,"featured_media":735983,"comment_status":"","ping_status":"","sticky":false,"template":"","format":"standard","meta":{"footnotes":"","_share_on_mastodon":"0"},"categories":[1773],"tags":[6324,29,214,30,128411,471,1780,215,18450],"class_list":["post-735982","post","type-post","status-publish","format-standard","has-post-thumbnail","category-serien","tag-crime","tag-deutschland","tag-entertainment","tag-germany","tag-sebastian-stroebel","tag-serien","tag-series","tag-unterhaltung","tag-wolfgang-bahro"],"share_on_mastodon":{"url":"https:\/\/pubeurope.com\/@de\/115934165974800447","error":""},"_links":{"self":[{"href":"https:\/\/www.europesays.com\/de\/wp-json\/wp\/v2\/posts\/735982","targetHints":{"allow":["GET"]}}],"collection":[{"href":"https:\/\/www.europesays.com\/de\/wp-json\/wp\/v2\/posts"}],"about":[{"href":"https:\/\/www.europesays.com\/de\/wp-json\/wp\/v2\/types\/post"}],"author":[{"embeddable":true,"href":"https:\/\/www.europesays.com\/de\/wp-json\/wp\/v2\/users\/2"}],"replies":[{"embeddable":true,"href":"https:\/\/www.europesays.com\/de\/wp-json\/wp\/v2\/comments?post=735982"}],"version-history":[{"count":0,"href":"https:\/\/www.europesays.com\/de\/wp-json\/wp\/v2\/posts\/735982\/revisions"}],"wp:featuredmedia":[{"embeddable":true,"href":"https:\/\/www.europesays.com\/de\/wp-json\/wp\/v2\/media\/735983"}],"wp:attachment":[{"href":"https:\/\/www.europesays.com\/de\/wp-json\/wp\/v2\/media?parent=735982"}],"wp:term":[{"taxonomy":"category","embeddable":true,"href":"https:\/\/www.europesays.com\/de\/wp-json\/wp\/v2\/categories?post=735982"},{"taxonomy":"post_tag","embeddable":true,"href":"https:\/\/www.europesays.com\/de\/wp-json\/wp\/v2\/tags?post=735982"}],"curies":[{"name":"wp","href":"https:\/\/api.w.org\/{rel}","templated":true}]}}