{"id":736222,"date":"2026-01-21T19:10:20","date_gmt":"2026-01-21T19:10:20","guid":{"rendered":"https:\/\/www.europesays.com\/de\/736222\/"},"modified":"2026-01-21T19:10:20","modified_gmt":"2026-01-21T19:10:20","slug":"sportcamp-winter-aktive-ferientage-beim-sv-motor-mickten","status":"publish","type":"post","link":"https:\/\/www.europesays.com\/de\/736222\/","title":{"rendered":"Sportcamp Winter: Aktive Ferientage beim SV Motor Mickten"},"content":{"rendered":"\n<p>Der SV Motor Mickten-Dresden e. V. organisiert in den Winterferien 2026 ein dreit\u00e4giges Sportcamp f\u00fcr bewegungsbegeisterte Kinder und Jugendliche aus Dresden und Umgebung. <img fetchpriority=\"high\" decoding=\"async\" src=\"https:\/\/pieschen-aktuell.de\/wp-content\/uploads\/2026\/01\/2026-01-21-Sportcamp_2024_Bild_3-jpg.avif\" alt=\"Kinder und Jugendliche beim Training im Sportcamp - Foto: Archiv Motor Mickten\" width=\"950\" height=\"534\" class=\"size-full wp-image-70595\"  \/>Kinder und Jugendliche beim Training im Sportcamp \u2013 Foto: Archiv Motor Mickten <\/p>\n<p>Die wichtigsten Informationen im \u00dcberblick <\/p>\n<ul>\n<li>Termine: 11. bis 13. Februar 2026 (Mittwoch bis Freitag)<\/li>\n<li>Zeiten: T\u00e4glich von 8.30 bis 15.30 Uhr<\/li>\n<li>Alter: 8 bis 14 Jahre<\/li>\n<li>Anmeldeschluss: 1. Februar 2026<\/li>\n<\/ul>\n<p> Vielf\u00e4ltiges Sportprogramm <\/p>\n<p>Das dreit\u00e4gige Camp bietet den Teilnehmenden ein abwechslungsreiches Angebot an Sportarten und Aktivit\u00e4ten. Auf dem Programm stehen unter anderem Ultimate Frisbee, Lacrosse, verschiedene Ballsportarten, Parkour sowie weitere spielerische Bewegungsangebote. Der Fokus liegt dabei nicht nur auf der k\u00f6rperlichen Aktivit\u00e4t, sondern auch auf der F\u00f6rderung von Teamgeist, Fairness und sozialen Kompetenzen. <\/p>\n<p>Qualifizierte Betreuung <\/p>\n<p>Erfahrene und qualifizierte Trainerinnen und Trainer des Vereins sorgen f\u00fcr eine sichere, altersgerechte Durchf\u00fchrung des Camps. Neben der sportlichen F\u00f6rderung wird besonderer Wert auf den Zusammenhalt in der Gruppe und das Kn\u00fcpfen neuer Freundschaften gelegt.<\/p>\n<p><a class=\"gofollow\" data-track=\"OTAsMSw2MA==\" href=\"https:\/\/landstreicher-konzerte.de\/konzerte\/ninachuba-dd-26\" target=\"_blank\" rel=\"noopener nofollow\"><img loading=\"lazy\" decoding=\"async\" src=\"https:\/\/www.europesays.com\/de\/wp-content\/uploads\/2025\/12\/2025-12-07-Anzeige-NinaChuba.webp.webp\" width=\"300\" height=\"250\" alt=\"Nina Chuba \u2022 03.07.26 \u2022 Rudolf-Harbig-Stadion\"\/><\/a><br \/> Anmeldung <\/p>\n<p>Interessierte Eltern k\u00f6nnen ihre Kinder online \u00fcber die Plattform Kurabu anmelden: <a href=\"https:\/\/motormickten.kurabu.com\/de\/events\/a69eebaa-3f5a-43ac-a571-964d4f437025\" target=\"_blank\" rel=\"nofollow noopener\">motormickten.kurabu.com<\/a> <\/p>\n<p>Aktuell sind noch Pl\u00e4tze verf\u00fcgbar. Bei Fragen steht der Verein per E-Mail unter <a href=\"https:\/\/pieschen-aktuell.de\/70593\/2026\/sportcamp-winter-2026-in-dresden-aktive-ferientage-beim-sv-motor-mickten\/mailto:ma@motor-mickten.de\" target=\"_blank\" rel=\"nofollow noopener\">ma@motor-mickten.de<\/a> zur Verf\u00fcgung. <\/p>\n<p>Der SV Motor Mickten-Dresden e. V. bietet mit diesem Sportcamp eine attraktive M\u00f6glichkeit zur aktiven Feriengestaltung und freut sich auf viele sportbegeisterte Teilnehmerinnen und Teilnehmer. <\/p>\n","protected":false},"excerpt":{"rendered":"Der SV Motor Mickten-Dresden e. V. organisiert in den Winterferien 2026 ein dreit\u00e4giges Sportcamp f\u00fcr bewegungsbegeisterte Kinder und&hellip;\n","protected":false},"author":2,"featured_media":736223,"comment_status":"","ping_status":"","sticky":false,"template":"","format":"standard","meta":{"footnotes":"","_share_on_mastodon":"0"},"categories":[1835],"tags":[3364,29,2386,30,85416,168872,37752,859],"class_list":["post-736222","post","type-post","status-publish","format-standard","has-post-thumbnail","category-dresden","tag-de","tag-deutschland","tag-dresden","tag-germany","tag-mickten","tag-motor-mickten","tag-pieschen","tag-sachsen"],"share_on_mastodon":{"url":"https:\/\/pubeurope.com\/@de\/115934673386793261","error":""},"_links":{"self":[{"href":"https:\/\/www.europesays.com\/de\/wp-json\/wp\/v2\/posts\/736222","targetHints":{"allow":["GET"]}}],"collection":[{"href":"https:\/\/www.europesays.com\/de\/wp-json\/wp\/v2\/posts"}],"about":[{"href":"https:\/\/www.europesays.com\/de\/wp-json\/wp\/v2\/types\/post"}],"author":[{"embeddable":true,"href":"https:\/\/www.europesays.com\/de\/wp-json\/wp\/v2\/users\/2"}],"replies":[{"embeddable":true,"href":"https:\/\/www.europesays.com\/de\/wp-json\/wp\/v2\/comments?post=736222"}],"version-history":[{"count":0,"href":"https:\/\/www.europesays.com\/de\/wp-json\/wp\/v2\/posts\/736222\/revisions"}],"wp:featuredmedia":[{"embeddable":true,"href":"https:\/\/www.europesays.com\/de\/wp-json\/wp\/v2\/media\/736223"}],"wp:attachment":[{"href":"https:\/\/www.europesays.com\/de\/wp-json\/wp\/v2\/media?parent=736222"}],"wp:term":[{"taxonomy":"category","embeddable":true,"href":"https:\/\/www.europesays.com\/de\/wp-json\/wp\/v2\/categories?post=736222"},{"taxonomy":"post_tag","embeddable":true,"href":"https:\/\/www.europesays.com\/de\/wp-json\/wp\/v2\/tags?post=736222"}],"curies":[{"name":"wp","href":"https:\/\/api.w.org\/{rel}","templated":true}]}}