{"id":736524,"date":"2026-01-21T21:54:11","date_gmt":"2026-01-21T21:54:11","guid":{"rendered":"https:\/\/www.europesays.com\/de\/736524\/"},"modified":"2026-01-21T21:54:11","modified_gmt":"2026-01-21T21:54:11","slug":"lehrerstreik-an-bremens-schulen-droht-unterrichtsausfall","status":"publish","type":"post","link":"https:\/\/www.europesays.com\/de\/736524\/","title":{"rendered":"Lehrerstreik: An Bremens Schulen droht Unterrichtsausfall"},"content":{"rendered":"<p class=\"article-toplinewrapper\">\n<p>Standdatum: 21. Januar 2026.<\/p>\n<p><img decoding=\"async\" class=\"image -image-with-fallback -image-rounded  lazyload\" src=\"data:image\/gif;base64,R0lGODlhEAAJAIAAAP\/\/\/\/\/\/\/yH5BAEKAAEALAAAAAAQAAkAAAIKjI+py+0Po5yUFQA7\"   alt=\"Aufnahme vieler Demonstrierender der GEW und von Verdi protestieren auf dem Bremer Marktplatz\" data-image-owner=\"Radio Bremen\" data-image-title=\"Aufnahme vieler Demonstrierender der GEW und von Verdi protestieren auf dem Bremer Marktplatz\" data-image-src=\"https:\/\/www.butenunbinnen.de\/bilder\/streik-verdi-marktplatz-buergerschaft-100~_v-800x450_c-1765394246556.jpg\" data-image-rights-src=\"\/bilder\/streik-verdi-marktplatz-buergerschaft-100~_v-640x360_c-1765394246556.jpg\"\/><\/p>\n<p>Bild: Radio Bremen<\/p>\n<p class=\"article-intro\">Am Donnerstag haben GEW und Verdi einen Warnstreik angek\u00fcndigt. Die Bremer Gewerkschaften rechnen mit mehreren Hundert Teilnehmern. Dabei kann vereinzelt der Unterricht an Schulen ausfallen.<\/p>\n<p>Darauf weisen Verdi und die Gewerkschaft Erziehung und Wissenschaft (GEW) hin. Sie rufen zu einem erneuten Warnstreik auf. <\/p>\n<p>Der Aufruf richtet sich unter anderem an angestellte Lehrkr\u00e4fte und Schul-Sozialarbeiter. Hintergrund sind die aus Sicht der Gewerkschaften stockenden Tarifverhandlungen f\u00fcr die Besch\u00e4ftigten im \u00d6ffentlichen Dienst der L\u00e4nder. <\/p>\n<p>Verdi verlangt sieben Prozent mehr Geld, mindestens aber 300 Euro zus\u00e4tzlich im Monat. Morgen Vormittag ist in Bremen-Gr\u00f6pelingen dazu auch eine Demonstration geplant.<\/p>\n<p class=\"article-legal-agencies\"><strong>Quelle<\/strong>:<br \/>\nbuten un binnen.\n<\/p>\n<p class=\"article-legal-broadcast-reference\"><strong>Dieses Thema im Programm:<\/strong><br \/>\nBremen Vier, Vier News, 21. Januar 2025, 16 Uhr<\/p>\n","protected":false},"excerpt":{"rendered":"Standdatum: 21. Januar 2026. Bild: Radio Bremen Am Donnerstag haben GEW und Verdi einen Warnstreik angek\u00fcndigt. Die Bremer&hellip;\n","protected":false},"author":2,"featured_media":736525,"comment_status":"","ping_status":"","sticky":false,"template":"","format":"standard","meta":{"footnotes":""},"categories":[1824],"tags":[2420,3364,29,30,4397],"class_list":{"0":"post-736524","1":"post","2":"type-post","3":"status-publish","4":"format-standard","5":"has-post-thumbnail","7":"category-bremen","8":"tag-bremen","9":"tag-de","10":"tag-deutschland","11":"tag-germany","12":"tag-x"},"share_on_mastodon":{"url":"https:\/\/pubeurope.com\/@de\/115935318225366895","error":""},"_links":{"self":[{"href":"https:\/\/www.europesays.com\/de\/wp-json\/wp\/v2\/posts\/736524","targetHints":{"allow":["GET"]}}],"collection":[{"href":"https:\/\/www.europesays.com\/de\/wp-json\/wp\/v2\/posts"}],"about":[{"href":"https:\/\/www.europesays.com\/de\/wp-json\/wp\/v2\/types\/post"}],"author":[{"embeddable":true,"href":"https:\/\/www.europesays.com\/de\/wp-json\/wp\/v2\/users\/2"}],"replies":[{"embeddable":true,"href":"https:\/\/www.europesays.com\/de\/wp-json\/wp\/v2\/comments?post=736524"}],"version-history":[{"count":0,"href":"https:\/\/www.europesays.com\/de\/wp-json\/wp\/v2\/posts\/736524\/revisions"}],"wp:featuredmedia":[{"embeddable":true,"href":"https:\/\/www.europesays.com\/de\/wp-json\/wp\/v2\/media\/736525"}],"wp:attachment":[{"href":"https:\/\/www.europesays.com\/de\/wp-json\/wp\/v2\/media?parent=736524"}],"wp:term":[{"taxonomy":"category","embeddable":true,"href":"https:\/\/www.europesays.com\/de\/wp-json\/wp\/v2\/categories?post=736524"},{"taxonomy":"post_tag","embeddable":true,"href":"https:\/\/www.europesays.com\/de\/wp-json\/wp\/v2\/tags?post=736524"}],"curies":[{"name":"wp","href":"https:\/\/api.w.org\/{rel}","templated":true}]}}