{"id":736921,"date":"2026-01-22T01:40:34","date_gmt":"2026-01-22T01:40:34","guid":{"rendered":"https:\/\/www.europesays.com\/de\/736921\/"},"modified":"2026-01-22T01:40:34","modified_gmt":"2026-01-22T01:40:34","slug":"frankreich-macrons-sonnenbrille-loest-hype-um-luxusmodell-aus","status":"publish","type":"post","link":"https:\/\/www.europesays.com\/de\/736921\/","title":{"rendered":"Frankreich: Macrons Sonnenbrille l\u00f6st Hype um Luxusmodell aus"},"content":{"rendered":"<p class=\"paragraph article__item\">Mit seiner beim Weltwirtschaftsforum am Rednerpult getragenen Sonnenbrille hat Frankreichs Staatschef Emmanuel Macron sich zwar den Spott von US-Pr\u00e4sident <a class=\"rtr-entity\" href=\"https:\/\/www.zeit.de\/thema\/donald-trump\" target=\"_blank\" rel=\"noopener\">Donald Trump<\/a> eingehandelt. Viele Zeitungen aber hoben ein Foto von Macron mit Pilotenbrille &#8211; die er wegen einer Augenentz\u00fcndung trug &#8211; auf die Titelseite. Und der kleine franz\u00f6sische Hersteller der Luxusbrille kann sich vor Anfragen inzwischen kaum noch retten. Der Online-Shop der Marke Henry Jullien war zeitweise \u00fcberhaupt nicht mehr erreichbar.\n<\/p>\n<p>Aktuelles<\/p>\n<p>                <a href=\"https:\/\/www.zeit.de\/politik\/ausland\/2026-01\/emmanuel-macron-donald-trump-groenland-zoelle-davos-gxe\" data-ct-label=\"US-Pr\u00e4sident: Donald Trump teilt private Textnachricht von Emmanuel Macron\" target=\"_blank\" rel=\"noopener\"><\/p>\n<p>                        US-Pr\u00e4sident:<br \/>\n                        Donald Trump teilt private Textnachricht von Emmanuel Macron<\/p>\n<p>                <\/a><\/p>\n<p>                <a href=\"https:\/\/www.zeit.de\/politik\/2026-01\/donald-trump-davos-rede-groenland-zoelle-nachrichtenpodcast\" data-ct-label=\"Nachrichtenpodcast: Wieso Donald Trump nicht auf &quot;ein St\u00fcck Eis&quot; verzichten will\" target=\"_blank\" rel=\"noopener\"><\/p>\n<p>                        Nachrichtenpodcast:<br \/>\n                        Wieso Donald Trump nicht auf &#8222;ein St\u00fcck Eis&#8220; verzichten will<\/p>\n<p>                <\/a><\/p>\n<p>                <a href=\"https:\/\/www.zeit.de\/wirtschaft\/2026-01\/donald-trump-rede-wef-groenland-europa-zoelle-usa\" data-ct-label=\"Donald Trump: Er protzt, er schmeichelt, er deeskaliert \u2013 vorerst\" target=\"_blank\" rel=\"noopener\"><\/p>\n<p>        Z+ (abopflichtiger Inhalt);<\/p>\n<p>    Donald Trump:<br \/>\n                        Er protzt, er schmeichelt, er deeskaliert \u2013 vorerst<\/p>\n<p>                <\/a><\/p>\n<p class=\"paragraph article__item\">\u00abUnsere Freunde und Kunden haben angefangen, uns zu fragen, ob das unsere Brille ist, das macht uns wirklich stolz\u00bb, sagte Stefano Fulchir, der Chef von iVision Tech, der italienischen Muttergesellschaft der Brillenmarke, dem Sender RTL. Hunderte an Mails und Anfragen seien bereits eingegangen. \u00abIm Durchschnitt stellen wir j\u00e4hrlich 100 dieser Pacific-Modelle her, aber angesichts der gro\u00dfen Aufmerksamkeit, die sie erhalten, m\u00fcssen wir dieses Jahr vielleicht 1.000 St\u00fcck produzieren. Wir haben bereits Kunden, die nach dem gleichen Modell fragen\u00bb, sagte Fulchir. Auf Instagram wirbt die Marke Henry Jullien bereits mit einem Foto, das Macron in Davos mit der Brille zeigt, f\u00fcr das Modell zum Preis von 659 Euro.\n<\/p>\n<p>                Trump spottet \u00fcber \u00absch\u00f6ne Sonnenbrille\u00bb        <\/p>\n<p class=\"paragraph article__item\">\u00abIch habe ihn gestern mit dieser sch\u00f6nen Sonnenbrille gesehen. Was zum Teufel ist passiert?\u00bb, meinte Trump in seiner Rede in Davos zu Macrons Auftritt am Vortag mit der Brille. Macron habe wie Tom Cruise daherkommen wollen, der im Film \u00abTop Gun\u00bb eine \u00e4hnliche Brille getragen habe, scherzte so mancher in Frankreich.\n<\/p>\n<p class=\"paragraph article__item\">Die Zeitung \u00abLe Figaro\u00bb, die ausf\u00fchrlich \u00fcber Macrons Brillenmodell aufkl\u00e4rte, erntete auch kritische Kommentare. \u00abNein, f\u00fcr wen h\u00e4lt er sich eigentlich? Er wirkt v\u00f6llig verr\u00fcckt\u00bb, reagierte ein Leser. \u00abEine Brille macht noch keinen gro\u00dfen Mann\u00bb, \u00e4tzte ein anderer. \u00abHofft er, wieder internationale Bedeutung zu erlangen, indem er den Clown spielt?\u00bb, fragte ein anderer Leser. Auch gab es den Vorschlag, Macron h\u00e4tte besser eine Augenklappe tragen sollen.\n<\/p>\n<p class=\"paragraph article__item\">\u00a9 dpa-infocom, dpa:260121-930-573896\/8<\/p>\n","protected":false},"excerpt":{"rendered":"Mit seiner beim Weltwirtschaftsforum am Rednerpult getragenen Sonnenbrille hat Frankreichs Staatschef Emmanuel Macron sich zwar den Spott von&hellip;\n","protected":false},"author":2,"featured_media":736922,"comment_status":"","ping_status":"","sticky":false,"template":"","format":"standard","meta":{"footnotes":""},"categories":[3974],"tags":[331,332,1160,166445,106,548,663,3934,3980,156,738,452,13,14,1159,15,12,168970,26,64,320],"class_list":{"0":"post-736921","1":"post","2":"type-post","3":"status-publish","4":"format-standard","5":"has-post-thumbnail","7":"category-frankreich","8":"tag-aktuelle-nachrichten","9":"tag-aktuelle-news","10":"tag-daenemark","11":"tag-davos","12":"tag-donald-trump","13":"tag-eu","14":"tag-europa","15":"tag-europe","16":"tag-france","17":"tag-frankreich","18":"tag-gazastreifen","19":"tag-groenland","20":"tag-headlines","21":"tag-nachrichten","22":"tag-nato","23":"tag-news","24":"tag-schlagzeilen","25":"tag-schweizer-berg","26":"tag-un","27":"tag-usa","28":"tag-washington"},"share_on_mastodon":{"url":"https:\/\/pubeurope.com\/@de\/115936206763528510","error":""},"_links":{"self":[{"href":"https:\/\/www.europesays.com\/de\/wp-json\/wp\/v2\/posts\/736921","targetHints":{"allow":["GET"]}}],"collection":[{"href":"https:\/\/www.europesays.com\/de\/wp-json\/wp\/v2\/posts"}],"about":[{"href":"https:\/\/www.europesays.com\/de\/wp-json\/wp\/v2\/types\/post"}],"author":[{"embeddable":true,"href":"https:\/\/www.europesays.com\/de\/wp-json\/wp\/v2\/users\/2"}],"replies":[{"embeddable":true,"href":"https:\/\/www.europesays.com\/de\/wp-json\/wp\/v2\/comments?post=736921"}],"version-history":[{"count":0,"href":"https:\/\/www.europesays.com\/de\/wp-json\/wp\/v2\/posts\/736921\/revisions"}],"wp:featuredmedia":[{"embeddable":true,"href":"https:\/\/www.europesays.com\/de\/wp-json\/wp\/v2\/media\/736922"}],"wp:attachment":[{"href":"https:\/\/www.europesays.com\/de\/wp-json\/wp\/v2\/media?parent=736921"}],"wp:term":[{"taxonomy":"category","embeddable":true,"href":"https:\/\/www.europesays.com\/de\/wp-json\/wp\/v2\/categories?post=736921"},{"taxonomy":"post_tag","embeddable":true,"href":"https:\/\/www.europesays.com\/de\/wp-json\/wp\/v2\/tags?post=736921"}],"curies":[{"name":"wp","href":"https:\/\/api.w.org\/{rel}","templated":true}]}}