{"id":737153,"date":"2026-01-22T03:53:12","date_gmt":"2026-01-22T03:53:12","guid":{"rendered":"https:\/\/www.europesays.com\/de\/737153\/"},"modified":"2026-01-22T03:53:12","modified_gmt":"2026-01-22T03:53:12","slug":"wetten-dass-erfinder-frank-elstner-glaubt-an-bill-und-tom-unterhaltung","status":"publish","type":"post","link":"https:\/\/www.europesays.com\/de\/737153\/","title":{"rendered":"\u201eWetten, dass..?\u201c-Erfinder: Frank Elstner glaubt an Bill und Tom | Unterhaltung"},"content":{"rendered":"<p>Mainz (Rheinland-Pfalz) \u2013 <b>Frank Elstner (83) hat die gr\u00f6\u00dfte Samstagabendshow Europas erfunden und \u201eWetten, dass..?\u201c von 1981 bis 1987 selbst moderiert. Jetzt schaut der Show-Erfinder zu, wie es nach vier Jahren \u201eWetten, dass..?\u201c-Pause zum offiziellen Staffelstab-Wechsel kommt: Die Kaulitz-Zwillinge \u00fcbernehmen die Moderation \u2013 und Elstner verr\u00e4t, was er davon h\u00e4lt.<\/b><\/p>\n<p>Die TV-Legende ist \u00fcberzeugt: \u201eBill und Tom sind zwei moderne Jungs, die genau im richtigen Alter sind, um im Fernsehen Verantwortung zu \u00fcbernehmen. Dass sie besonders bei jungen Leuten gut ankommen, haben sie auf Netflix l\u00e4ngst bewiesen.\u201c Elstner weiter zu BILD: \u201eAuch wenn jetzt viele im Vorfeld zu ,Wetten, dass..?\u2019 sagen: Das wird nichts. Ich sage: Das wird was!\u201c<\/p>\n<p><img decoding=\"async\" width=\"992\" height=\"664\" alt=\"Als TV-Legende Frank Elstner 1987 \u201eWetten, dass..?\u201c moderierte, waren die Kaulitz-Zwillinge noch nicht einmal geboren\" src=\"https:\/\/www.europesays.com\/de\/wp-content\/uploads\/2026\/01\/f781250558753578fd5e2de123aa310e,1ad5b761.jpeg\"   class=\"dynamic\" loading=\"lazy\"\/><\/p>\n<p class=\"fig__caption__text\">Als TV-Legende Frank Elstner 1987 \u201eWetten, dass..?\u201c moderierte, waren die Kaulitz-Zwillinge noch nicht einmal geboren<\/p>\n<p>Foto: Getty Images<\/p>\n<p>\u201eIch hatte sie nicht auf dem Schirm\u201c<\/p>\n<p>Im \u201eSpiegel\u201c-Interview spricht Frank Elstner offen \u00fcber die neuen \u201eWetten, dass..?\u201c-Moderatoren: \u201eIch hatte die beiden nicht auf dem Schirm.\u201c Trotzdem freut sich die Show-Legende f\u00fcr die Sendung. \u201eEs ist ein mutiges Experiment, das gelingen kann\u201c, sagt Elstner. Bereits vor sechs Wochen habe er von der neuen Besetzung erfahren \u2013 und <a href=\"https:\/\/www.bild.de\/themen\/personen\/bill-kaulitz\/unterhaltung-musik-nachrichten-news-fotos-videos-15817620.bild.html\" class=\"text-link\" rel=\"nofollow noopener\" target=\"_blank\">Bill<\/a> und <a href=\"https:\/\/www.bild.de\/unterhaltung\/leute\/tom-kaulitz\/tom-kaulitz-alle-infos-76664388.bild.html\" class=\"text-link\" rel=\"nofollow noopener\" target=\"_blank\">Tom Kaulitz<\/a> gratuliert.<\/p>\n<p>Mehr zum Thema<\/p>\n<p>Bis die erfolgreichen Musiker am 5. Dezember die Neuauflage der Show moderieren, ist noch etwas Zeit \u2013 genug f\u00fcr die Fans, sich gedanklich an die beiden zu gew\u00f6hnen. Denn nach der Verk\u00fcndung gab es nicht nur Zuspruch. Schlie\u00dflich treten die Kaulitz-Zwillinge in riesige Fu\u00dfstapfen.<\/p>\n<p> An dieser Stelle findest du Inhalte aus Instagram <\/p>\n<p> Um mit Inhalten aus Instagram und anderen sozialen Netzwerken zu interagieren oder diese darzustellen, brauchen wir deine Zustimmung. <\/p>\n<p> soziale Netzwerke aktivieren  Um eingebettete Inhalte anzuzeigen, ist Ihre jederzeit widerrufliche Einwilligung (\u00fcber den Schalter oder \u00fcber &#8220; <a class=\"embed-placeholder__text-link\" href=\"#\" rel=\"noopener noreferrer\" title=\"Tracking widerrufen\"> Widerruf Tracking und Cookies<\/a> &#8220; am Seitenende) zur Verarbeitung personenbezogener Daten n\u00f6tig.  Dabei k\u00f6nnen Daten in Drittl\u00e4nder wie die USA \u00fcbermittelt werden (Art. 49 Abs. 1 lit. a DSGVO). Mit dem Aktivieren des Inhalts stimmen Sie zu. Weitere Infos finden Sie <a class=\"embed-placeholder__text-link\" href=\"#\" rel=\"noopener noreferrer\" title=\"Zu den Privatsph\u00e4re Einstellungen\"> hier<\/a>. <\/p>\n<p><a href=\"https:\/\/www.bild.de\/themen\/personen\/frank-elstner\/nachrichten-news-fotos-videos-tv-shows-15786264.bild.html\" class=\"text-link\" rel=\"nofollow noopener\" target=\"_blank\">Frank Elstner<\/a> w\u00fcnscht sich dennoch, \u201edass die Entscheidung nicht zerredet wird und alle sagen: Das kann nichts werden.\u201c Und weiter: \u201eWenn wir die Samstagabendunterhaltung am Leben erhalten wollen, m\u00fcssen wir etwas Neues wagen. Es ist Zeit f\u00fcr die n\u00e4chste Generation.\u201c<\/p>\n<p>F\u00fcr Frank Elstner spricht auch das Alter f\u00fcr Bill und Tom Kaulitz. \u201eSie sind 36 \u2013 ein Jahr j\u00fcnger als <a href=\"https:\/\/www.bild.de\/unterhaltung\/leute\/thomas-gottschalk\/thema-thomas-gottschalk-alle-infos-82022690.bild.html\" class=\"text-link\" rel=\"nofollow noopener\" target=\"_blank\">Thomas Gottschalk<\/a> bei seiner ersten Sendung, drei Jahre j\u00fcnger als ich bei meiner Premiere.\u201c<\/p>\n<p>An den Kaulitz-Zwillingen sch\u00e4tzt Frank Elstner vor allem eines: \u201eDass die beiden trotz ihrer Weltkarriere mit Tokio Hotel nat\u00fcrlich geblieben sind.\u201c Schon in seiner ARD-Show \u201eVerstehen Sie Spa\u00df?\u201c habe er Bill und Tom erlebt \u2013 \u201eich mochte sie.\u201c Jetzt sei er gespannt, was die Kaulitz-Br\u00fcder an \u201eWetten, dass..?\u201c ver\u00e4ndern werden. Elstner: \u201eDer alte Elstner dr\u00fcckt den beiden ganz fest die Daumen. Jetzt brauchen sie nur noch gute Wetten.\u201c<\/p>\n","protected":false},"excerpt":{"rendered":"Mainz (Rheinland-Pfalz) \u2013 Frank Elstner (83) hat die gr\u00f6\u00dfte Samstagabendshow Europas erfunden und \u201eWetten, dass..?\u201c von 1981 bis&hellip;\n","protected":false},"author":2,"featured_media":737154,"comment_status":"","ping_status":"","sticky":false,"template":"","format":"standard","meta":{"footnotes":"","_share_on_mastodon":"0"},"categories":[155],"tags":[29,118997,214,30,16687,5351,5352,138370,45,215,16686,1448],"class_list":["post-737153","post","type-post","status-publish","format-standard","has-post-thumbnail","category-unterhaltung","tag-deutschland","tag-elstner-frank","tag-entertainment","tag-germany","tag-gottschalk-thomas","tag-kaulitz-bill","tag-kaulitz-tom","tag-team-first","tag-texttospeech","tag-unterhaltung","tag-wetten-dass","tag-zdf"],"share_on_mastodon":{"url":"https:\/\/pubeurope.com\/@de\/115936729788864761","error":""},"_links":{"self":[{"href":"https:\/\/www.europesays.com\/de\/wp-json\/wp\/v2\/posts\/737153","targetHints":{"allow":["GET"]}}],"collection":[{"href":"https:\/\/www.europesays.com\/de\/wp-json\/wp\/v2\/posts"}],"about":[{"href":"https:\/\/www.europesays.com\/de\/wp-json\/wp\/v2\/types\/post"}],"author":[{"embeddable":true,"href":"https:\/\/www.europesays.com\/de\/wp-json\/wp\/v2\/users\/2"}],"replies":[{"embeddable":true,"href":"https:\/\/www.europesays.com\/de\/wp-json\/wp\/v2\/comments?post=737153"}],"version-history":[{"count":0,"href":"https:\/\/www.europesays.com\/de\/wp-json\/wp\/v2\/posts\/737153\/revisions"}],"wp:featuredmedia":[{"embeddable":true,"href":"https:\/\/www.europesays.com\/de\/wp-json\/wp\/v2\/media\/737154"}],"wp:attachment":[{"href":"https:\/\/www.europesays.com\/de\/wp-json\/wp\/v2\/media?parent=737153"}],"wp:term":[{"taxonomy":"category","embeddable":true,"href":"https:\/\/www.europesays.com\/de\/wp-json\/wp\/v2\/categories?post=737153"},{"taxonomy":"post_tag","embeddable":true,"href":"https:\/\/www.europesays.com\/de\/wp-json\/wp\/v2\/tags?post=737153"}],"curies":[{"name":"wp","href":"https:\/\/api.w.org\/{rel}","templated":true}]}}