{"id":737163,"date":"2026-01-22T03:58:11","date_gmt":"2026-01-22T03:58:11","guid":{"rendered":"https:\/\/www.europesays.com\/de\/737163\/"},"modified":"2026-01-22T03:58:11","modified_gmt":"2026-01-22T03:58:11","slug":"mercosur-abkommen-gruenenpolitiker-kritisieren-abstimmungsverhalten-von-parteifreunden","status":"publish","type":"post","link":"https:\/\/www.europesays.com\/de\/737163\/","title":{"rendered":"Mercosur-Abkommen: Gr\u00fcnenpolitiker kritisieren Abstimmungsverhalten von Parteifreunden"},"content":{"rendered":"<p class=\"paragraph article__item\">Politiker der Gr\u00fcnen haben das Abstimmungsverhalten von Parteifreunden im Europaparlament zum <a href=\"https:\/\/www.zeit.de\/thema\/mercosur\" class=\"\" target=\"_blank\" rel=\"noopener\">Mercosur-Handelsabkommen<\/a> kritisiert. &#8222;Offensichtlich haben noch immer zu viele den Ernst der Lage nicht verstanden&#8220;, sagte der\u00a0baden-w\u00fcrttembergische Gr\u00fcnen-Spitzenkandidat <a href=\"https:\/\/www.zeit.de\/thema\/cem-oezdemir\" class=\"\" target=\"_blank\" rel=\"noopener\">Cem \u00d6zdemir<\/a> dem Berliner Tagesspiegel. Die europ\u00e4ische Souver\u00e4nit\u00e4t m\u00fcsse sich im konkreten Handeln beweisen: &#8222;Die Zeit f\u00fcr wohlfeile Lippenbekenntnisse ist vorbei.&#8220;\n<\/p>\n<p class=\"paragraph article__item\">Das Europaparlament hatte zuvor mehrheitlich eine <a href=\"https:\/\/www.zeit.de\/politik\/ausland\/2026-01\/handelsabkommen-mercosur-eu-parlament-eugh-pruefung-gxe\" class=\"\" target=\"_blank\" rel=\"noopener\">\u00dcberpr\u00fcfung des Handelsabkommens am Europ\u00e4ischen Gerichtshof (EuGH) gefordert<\/a>. Damit setzten sich die Gegner des Abkommens in der Abstimmung am Mittwoch knapp durch. Die \u00dcberpr\u00fcfung am EuGH d\u00fcrfte die Ratifizierung des Abkommens um Monate verz\u00f6gern. Die Gr\u00fcnenfraktion stimmte mehrheitlich f\u00fcr diese \u00dcberpr\u00fcfung.\n<\/p>\n<p class=\"paragraph article__item\">Der ehemalige Gr\u00fcnenvorsitzende und langj\u00e4hrige Europaabgeordnete Reinhard B\u00fctikofer sprach mit Blick auf das Abstimmungsverhalten der Fraktion von einem &#8222;bitteren Fehler&#8220;. &#8222;Generell geh\u00f6rt eine aktive Handelspolitik der EU zu den wichtigsten Pfeilern beim Bau europ\u00e4ischer Souver\u00e4nit\u00e4t gegen\u00fcber dem Druck der Gro\u00dfm\u00e4chte&#8220;, sagte er dem RedaktionsNetzwerk Deutschland. &#8222;Zudem geht es bei Mercosur darum, mit wichtigen L\u00e4ndern des globalen S\u00fcdens einen Ausgleich zu finden. Wenn das Europaparlament da bremst, leistet es Europa einen b\u00f6sen B\u00e4rendienst.&#8220;\n<\/p>\n<p>        Politiker aus Deutschland wollen Abkommen vorl\u00e4ufig in Kraft setzen        <\/p>\n<p class=\"paragraph article__item\">Die Wirtschaftsvereinigung der deutschen Gr\u00fcnen kritisierte das Abstimmungsverhalten als &#8222;unverst\u00e4ndlich&#8220;. Die gerichtliche \u00dcberpr\u00fcfung &#8222;<a href=\"https:\/\/www.zeit.de\/politik\/ausland\/2026-01\/mercosur-abkommen-rechtsgutachten-eugh-eu-parlament\" class=\"\" target=\"_blank\" rel=\"noopener\">kann das Inkrafttreten enorm verz\u00f6gern<\/a> und schw\u00e4cht dadurch die EU in ihrer Rolle als geopolitisch starker Akteur&#8220;, sagte Volker Ratzmann, Vorstandsmitglied der Wirtschaftsvereinigung der Gr\u00fcnen.\n<\/p>\n<p class=\"paragraph article__item\">\u00d6zdemir, der bei den Landtagswahlen in Baden-W\u00fcrttemberg am 8. M\u00e4rz f\u00fcr die Gr\u00fcnen ins Rennen geht, warb daf\u00fcr, dass Europa im internationalen Kr\u00e4ftemessen erwachsen werden m\u00fcsse. Er appellierte an EU-Kommissionspr\u00e4sidentin Ursula von der Leyen, das Abkommen vorl\u00e4ufig in Kraft zu setzen. &#8222;Es ist gut verhandelt und Europa braucht das Mercosur-Abkommen f\u00fcr die Zukunft mehr denn je&#8220;, sagte \u00d6zdemir.\n<\/p>\n<p>                            \u00a9\u00a0Lea Dohle<\/p>\n<p>\n                                        Newsletter<br \/>\n                                        Was jetzt? \u2013 Der t\u00e4gliche Morgen\u00fcberblick<\/p>\n<p class=\"newsletter-signup__text\">Starten Sie mit unserem kurzen Nachrichten-Newsletter in den Tag. Erhalten Sie zudem freitags das digitale Magazin ZEIT am Wochenende.<\/p>\n<p class=\"newsletter-signup__datapolicy\" hidden=\"\">\n            Mit Ihrer Registrierung nehmen Sie die <a href=\"https:\/\/datenschutz.zeit.de\/zon#Newsletter\" target=\"_blank\" rel=\"noopener\">Datenschutzerkl\u00e4rung<\/a> zur Kenntnis.\n        <\/p>\n<p>    Vielen Dank! Wir haben Ihnen eine E-Mail geschickt.<\/p>\n<p>Pr\u00fcfen Sie Ihr Postfach und best\u00e4tigen Sie das Newsletter-Abonnement.<\/p>\n<p class=\"paragraph article__item\">Auch der Fraktionschef der Union im Bundestag, <a href=\"https:\/\/www.zeit.de\/thema\/jens-spahn\" class=\"\" target=\"_blank\" rel=\"noopener\">Jens Spahn<\/a>, forderte die EU-Kommission auf, das Abkommen vorl\u00e4ufig in Kraft zu setzen. Dies m\u00fcsse &#8222;so schnell wie m\u00f6glich&#8220; geschehen, sagte Spahn der Zeitung\u00a0Bild. \u00c4hnlich hatte sich zuvor bereits Bundeskanzler <a href=\"https:\/\/www.zeit.de\/thema\/friedrich-merz\" class=\"\" target=\"_blank\" rel=\"noopener\">Friedrich Merz<\/a> (CDU) ge\u00e4u\u00dfert.\u00a0\n<\/p>\n<p>Mehr zum Thema<\/p>\n<p>                <a href=\"https:\/\/www.zeit.de\/politik\/ausland\/2026-01\/mercosur-abkommen-rechtsgutachten-eugh-eu-parlament\" data-ct-label=\"Mercosur-Abkommen: Kleinkariert und gef\u00e4hrlich\" target=\"_blank\" rel=\"noopener\"><\/p>\n<p>                        Mercosur-Abkommen:<br \/>\n                        Kleinkariert und gef\u00e4hrlich<\/p>\n<p>                <\/a><\/p>\n<p>                <a href=\"https:\/\/www.zeit.de\/politik\/2026-01\/donald-trump-davos-rede-groenland-zoelle-nachrichtenpodcast\" data-ct-label=\"Nachrichtenpodcast: Wieso Donald Trump nicht auf &quot;ein St\u00fcck Eis&quot; verzichten will\" target=\"_blank\" rel=\"noopener\"><\/p>\n<p>                        Nachrichtenpodcast:<br \/>\n                        Wieso Donald Trump nicht auf &#8222;ein St\u00fcck Eis&#8220; verzichten will<\/p>\n<p>                <\/a><\/p>\n<p>                <a href=\"https:\/\/www.zeit.de\/politik\/ausland\/2026-01\/handelsabkommen-mercosur-eu-parlament-eugh-pruefung-gxe\" data-ct-label=\"Handelsabkommen: EU-Parlament stimmt f\u00fcr Pr\u00fcfung des Mercosur-Abkommens durch EuGH\" target=\"_blank\" rel=\"noopener\"><\/p>\n<p>                        Handelsabkommen:<br \/>\n                        EU-Parlament stimmt f\u00fcr Pr\u00fcfung des Mercosur-Abkommens durch EuGH<\/p>\n<p>                <\/a><\/p>\n<p class=\"paragraph article__item\">Vizekanzler <a href=\"https:\/\/www.zeit.de\/thema\/lars-klingbeil\" class=\"\" target=\"_blank\" rel=\"noopener\">Lars Klingbeil<\/a> nannte die Entscheidung des Europaparlaments ein falsches Signal und sprach sich ebenfalls f\u00fcr ein vorzeitiges Inkrafttreten aus. Gerade in der aktuellen geopolitischen Lage seien neue Partnerschaften \u200df\u00fcr Europa essenziell, sagte er dem ZDF.\n<\/p>\n<p class=\"paragraph article__item\">EU-Kommissionspr\u00e4sidentin Ursula von der Leyen hatte das Freihandelsabkommen mit Brasilien, Argentinien, Paraguay und Uruguay <a href=\"https:\/\/www.zeit.de\/politik\/ausland\/2026-01\/eu-mercosur-handelsabkommen-lateinamerika\" class=\"\" target=\"_blank\" rel=\"noopener\">am vergangenen Samstag unterzeichnet<\/a>. Zuvor hatte eine Mehrheit der 27 EU-L\u00e4nder zugestimmt. Die Abstimmung im Europaparlament galt als Testlauf f\u00fcr die tats\u00e4chliche Ratifizierung. Nun gilt auch die endg\u00fcltige Zustimmung des Parlaments zum Mercosur-Abkommen als unsicher \u2013 auch wenn einige Abgeordnete ihre Meinung \u00e4ndern d\u00fcrften, wenn der EuGH das Abkommen f\u00fcr rechtm\u00e4\u00dfig erkl\u00e4rt.<\/p>\n","protected":false},"excerpt":{"rendered":"Politiker der Gr\u00fcnen haben das Abstimmungsverhalten von Parteifreunden im Europaparlament zum Mercosur-Handelsabkommen kritisiert. &#8222;Offensichtlich haben noch immer zu&hellip;\n","protected":false},"author":2,"featured_media":737164,"comment_status":"","ping_status":"","sticky":false,"template":"","format":"standard","meta":{"footnotes":""},"categories":[5],"tags":[21,51,941,14952,13,15785,776,76235,65690,14,15,16,12,10,8,9,11],"class_list":{"0":"post-737163","1":"post","2":"type-post","3":"status-publish","4":"format-standard","5":"has-post-thumbnail","7":"category-nachrichten","8":"tag-buendnis-90-die-gruenen","9":"tag-cem-oezdemir","10":"tag-eu-parlament","11":"tag-handelsabkommen","12":"tag-headlines","13":"tag-jens-spahn","14":"tag-lars-klingbeil","15":"tag-mercosur","16":"tag-mercosur-abkommen","17":"tag-nachrichten","18":"tag-news","19":"tag-politik","20":"tag-schlagzeilen","21":"tag-top-news","22":"tag-top-meldungen","23":"tag-topmeldungen","24":"tag-topnews"},"share_on_mastodon":{"url":"https:\/\/pubeurope.com\/@de\/115936749463252623","error":""},"_links":{"self":[{"href":"https:\/\/www.europesays.com\/de\/wp-json\/wp\/v2\/posts\/737163","targetHints":{"allow":["GET"]}}],"collection":[{"href":"https:\/\/www.europesays.com\/de\/wp-json\/wp\/v2\/posts"}],"about":[{"href":"https:\/\/www.europesays.com\/de\/wp-json\/wp\/v2\/types\/post"}],"author":[{"embeddable":true,"href":"https:\/\/www.europesays.com\/de\/wp-json\/wp\/v2\/users\/2"}],"replies":[{"embeddable":true,"href":"https:\/\/www.europesays.com\/de\/wp-json\/wp\/v2\/comments?post=737163"}],"version-history":[{"count":0,"href":"https:\/\/www.europesays.com\/de\/wp-json\/wp\/v2\/posts\/737163\/revisions"}],"wp:featuredmedia":[{"embeddable":true,"href":"https:\/\/www.europesays.com\/de\/wp-json\/wp\/v2\/media\/737164"}],"wp:attachment":[{"href":"https:\/\/www.europesays.com\/de\/wp-json\/wp\/v2\/media?parent=737163"}],"wp:term":[{"taxonomy":"category","embeddable":true,"href":"https:\/\/www.europesays.com\/de\/wp-json\/wp\/v2\/categories?post=737163"},{"taxonomy":"post_tag","embeddable":true,"href":"https:\/\/www.europesays.com\/de\/wp-json\/wp\/v2\/tags?post=737163"}],"curies":[{"name":"wp","href":"https:\/\/api.w.org\/{rel}","templated":true}]}}