{"id":73730,"date":"2025-04-30T17:20:13","date_gmt":"2025-04-30T17:20:13","guid":{"rendered":"https:\/\/www.europesays.com\/de\/73730\/"},"modified":"2025-04-30T17:20:13","modified_gmt":"2025-04-30T17:20:13","slug":"bundespolizei-verhaengt-waffenverbot-am-hauptbahnhof","status":"publish","type":"post","link":"https:\/\/www.europesays.com\/de\/73730\/","title":{"rendered":"Bundespolizei verh\u00e4ngt Waffenverbot am Hauptbahnhof"},"content":{"rendered":"<p>Im N\u00fcrnberger Hauptbahnhof <\/p>\n<p>Bundespolizei verh\u00e4ngt vierw\u00f6chiges Waffenverbot<\/p>\n<p>30.04.2025 &#8211; 19:01 UhrLesedauer: 1 Min.<\/p>\n<p><a href=\"#focus-0\" class=\"transition-colors duration-200 focus-within:text-magenta block text-current relative\" data-sctrack=\"FocusGalleryImage.Reference\"><img fetchpriority=\"high\" data-testid=\"Opener.Image\" style=\"--lqipURL:url('https:\/\/images.t-online.de\/2025\/04\/gUZwxfFWXf9Q\/0x107:2048x1152\/fit-in\/150x0\/filters:blur(25)\/das-umfeld-des-nuernberger-hauptbahnhofs-gilt-als-kriminalitaetsschwerpunkt-archivbild.jpg')\"   loading=\"eager\" src=\"https:\/\/www.europesays.com\/de\/wp-content\/uploads\/2025\/04\/das-umfeld-des-nuernberger-hauptbahnhofs-gilt-als-kriminalitaetsschwerpunkt-archivbild.jpg\" alt=\"Polizisten am N\u00fcrnberger Hauptbahnhof\" title=\"Polizisten am N\u00fcrnberger Hauptbahnhof\" width=\"2048\" height=\"1152\" class=\"bg-[url:var(--lqipURL)] bg-cover bg-center flex w-full max-w-full h-full\" decoding=\"async\"\/><img style=\"--width:32;--height:32\" loading=\"lazy\" src=\"https:\/\/www.europesays.com\/de\/wp-content\/uploads\/2025\/03\/zoom-in.f7dae02f.svg.svg+xml\" alt=\"Vergr\u00f6\u00dfern des Bildes\" title=\"Vergr\u00f6\u00dfern des Bildes\" class=\"&#10;        block&#10;        h-[calc(var(--height)_\/_16_*_1rem)]&#10;        w-[calc(var(--width)_\/_16_*_1rem)]&#10;        max-w-none&#10;        absolute bottom-8 right-8 rounded-4 bg-snow p-8\" decoding=\"async\"\/><\/a><\/p>\n<p>Polizisten vor dem N\u00fcrnberger Hauptbahnhof (Archivbild): Dieser gilt als Kriminalit\u00e4tsschwerpunkt. (Quelle: Daniel Karmann\/dpa\/dpa-bilder)<\/p>\n<p class=\"font-bold text-18 leading-17\">Die Bundespolizei erl\u00e4sst f\u00fcr den Mai ein vor\u00fcbergehendes Waffenverbot am N\u00fcrnberger Hauptbahnhof. Ziel ist es, die Reisenden und Polizeikr\u00e4fte besser zu sch\u00fctzen.<\/p>\n<p class=\"text-18 leading-17\">Im N\u00fcrnberger Hauptbahnhof d\u00fcrfen ab dem <a class=\"transition-colors duration-200 cursor-pointer text-inherit no-underline text-salemsfur md:hover:text-magenta md:hover:border-magenta md:focus:text-magenta border-current border-b border-solid break-words\" href=\"https:\/\/www.t-online.de\/themen\/erster-mai\/\" data-sctrack=\"BodyAnchor\" rel=\"nofollow noopener\" target=\"_blank\">1. Mai<\/a> keine gef\u00e4hrlichen Gegenst\u00e4nde wie Messer oder Schusswaffen mehr mitgef\u00fchrt werden. Ein entsprechendes tempor\u00e4res Verbot f\u00fcr das Mitf\u00fchren von gef\u00e4hrlichen Gegenst\u00e4nden wurde von der Bundespolizeidirektion <a rel=\"nofollow noopener\" target=\"_blank\" class=\"transition-colors duration-200 cursor-pointer text-inherit no-underline text-salemsfur md:hover:text-magenta md:hover:border-magenta md:focus:text-magenta border-current border-b border-solid break-words\" href=\"https:\/\/muenchen.t-online.de\/region\/muenchen\/\" data-sctrack=\"BodyAnchor\">M\u00fcnchen<\/a> am Mittwoch bekanntgegeben.<\/p>\n<p class=\"text-18 leading-17\">Das Waffenverbot betrifft demnach das gesamte Bahnhofsgeb\u00e4ude sowie alle dazugeh\u00f6rigen Bereiche, wie die Personentunnel und Bahnsteige. Mit der Ma\u00dfnahme soll die Sicherheit der Reisenden erh\u00f6ht und gewaltt\u00e4tige \u00dcbergriffe verhindert werden, hei\u00dft es.<\/p>\n<p class=\"text-18 leading-17\">Die Bundespolizei betonte zudem, dass das Tragen von Waffen oft eine tr\u00fcgerische Sicherheit vermittelt und die Eskalation von Konflikten beg\u00fcnstigt. Alternativ empfiehlt sie den Einsatz von Schrillalarmen zur Selbstverteidigung, um unauff\u00e4llig Hilfe zu alarmieren.<\/p>\n<p class=\"text-18 leading-17\">Die Einsatzkr\u00e4fte der Bundespolizei \u00fcberwachen die Einhaltung des Verbotes. Bei Verst\u00f6\u00dfen k\u00f6nnen die Gegenst\u00e4nde sichergestellt und mit einem Bu\u00dfgeld geahndet werden. Weitere Folgen k\u00f6nnen zudem ein Platzverweis oder ein Bahnhofsverbot (Hausverbot) sein.<\/p>\n<p class=\"text-18 leading-17\">Gewaltdelikte auf Bahnh\u00f6fen und Bahnanlagen in Deutschland bewegen sich weiterhin auf einem hohen Niveau. Das betrifft auch den Bahnhof <a class=\"transition-colors duration-200 cursor-pointer text-inherit no-underline text-salemsfur md:hover:text-magenta md:hover:border-magenta md:focus:text-magenta border-current border-b border-solid break-words\" href=\"https:\/\/www.t-online.de\/region\/nuernberg\/\" data-sctrack=\"BodyAnchor\" rel=\"nofollow noopener\" target=\"_blank\">N\u00fcrnberg<\/a>. Wiederholt kommt es bei solchen Straftaten auch zum Einsatz von Messern.<\/p>\n<p class=\"text-18 leading-17\">Diese Zahl hat sich nach Angaben der Bundespolizei von Oktober 2024 bis M\u00e4rz 2025 im Vergleich zum Vorjahreszeitraum verdoppelt. Daher sei die geplante Einschr\u00e4nkung aus Sicht der Bundespolizei erforderlich. Das Waffenverbot gilt vorerst bis zum 31. Mai.<\/p>\n","protected":false},"excerpt":{"rendered":"Im N\u00fcrnberger Hauptbahnhof Bundespolizei verh\u00e4ngt vierw\u00f6chiges Waffenverbot 30.04.2025 &#8211; 19:01 UhrLesedauer: 1 Min. Polizisten vor dem N\u00fcrnberger Hauptbahnhof&hellip;\n","protected":false},"author":2,"featured_media":64323,"comment_status":"","ping_status":"","sticky":false,"template":"","format":"standard","meta":{"footnotes":"","_share_on_mastodon":"0"},"categories":[1837],"tags":[722,2072,772,421,3364,29,30,3601,13298,1981,1268,3783,32096,13297],"class_list":["post-73730","post","type-post","status-publish","format-standard","has-post-thumbnail","category-nuernberg","tag-722","tag-2072","tag-bayern","tag-bundespolizei","tag-de","tag-deutschland","tag-germany","tag-hauptbahnhof","tag-kriminalitaetsschwerpunkt","tag-messer","tag-muenchen","tag-nuernberg","tag-polizeikraft","tag-waffenverbot"],"share_on_mastodon":{"url":"https:\/\/pubeurope.com\/@de\/114428066300227814","error":""},"_links":{"self":[{"href":"https:\/\/www.europesays.com\/de\/wp-json\/wp\/v2\/posts\/73730","targetHints":{"allow":["GET"]}}],"collection":[{"href":"https:\/\/www.europesays.com\/de\/wp-json\/wp\/v2\/posts"}],"about":[{"href":"https:\/\/www.europesays.com\/de\/wp-json\/wp\/v2\/types\/post"}],"author":[{"embeddable":true,"href":"https:\/\/www.europesays.com\/de\/wp-json\/wp\/v2\/users\/2"}],"replies":[{"embeddable":true,"href":"https:\/\/www.europesays.com\/de\/wp-json\/wp\/v2\/comments?post=73730"}],"version-history":[{"count":0,"href":"https:\/\/www.europesays.com\/de\/wp-json\/wp\/v2\/posts\/73730\/revisions"}],"wp:featuredmedia":[{"embeddable":true,"href":"https:\/\/www.europesays.com\/de\/wp-json\/wp\/v2\/media\/64323"}],"wp:attachment":[{"href":"https:\/\/www.europesays.com\/de\/wp-json\/wp\/v2\/media?parent=73730"}],"wp:term":[{"taxonomy":"category","embeddable":true,"href":"https:\/\/www.europesays.com\/de\/wp-json\/wp\/v2\/categories?post=73730"},{"taxonomy":"post_tag","embeddable":true,"href":"https:\/\/www.europesays.com\/de\/wp-json\/wp\/v2\/tags?post=73730"}],"curies":[{"name":"wp","href":"https:\/\/api.w.org\/{rel}","templated":true}]}}