{"id":737396,"date":"2026-01-22T06:13:12","date_gmt":"2026-01-22T06:13:12","guid":{"rendered":"https:\/\/www.europesays.com\/de\/737396\/"},"modified":"2026-01-22T06:13:12","modified_gmt":"2026-01-22T06:13:12","slug":"schulen-in-stuttgart-anmeldung-fuer-5-klasse-wiederholt-sich-der-ansturm-auf-die-realschulen-stuttgart","status":"publish","type":"post","link":"https:\/\/www.europesays.com\/de\/737396\/","title":{"rendered":"Schulen in Stuttgart: Anmeldung f\u00fcr 5. Klasse \u2013 Wiederholt sich der Ansturm auf die Realschulen? &#8211; Stuttgart"},"content":{"rendered":"<p>Die Stadt wickelt die Werkrealschule vorerst nicht ab. Stuttgarter Realschulen begr\u00fc\u00dfen das. Doch ihre f\u00fcnften Klassen d\u00fcrften aus zwei Gr\u00fcnden wohl wieder sehr voll werden.<\/p>\n<p>Mit Spannung erwarten vor allem die Schulen der Sekundarstufe 1 die Anmeldezahlen f\u00fcr die Klasse 5. Melden Eltern ihre Kinder noch f\u00fcr die Werkrealschule an? Oder schreckt sie ab, dass die Stadt diese Schulform abwickeln wollte? Bildungsb\u00fcrgermeisterin Isabel Fezer (FDP) hatte den Plan kurz vor <a href=\"https:\/\/www.esslinger-zeitung.de\/inhalt.schulen-in-stuttgart-entscheidung-abgesetzt-zukunft-der-werkrealschulen-wieder-offen.e50481c0-813f-49f2-a95e-fbbdd58d73e6.html\" target=\"_blank\" rel=\"nofollow noopener\">Beschlussfassung vor der Weihnachtspause auf Eis gelegt<\/a>. <\/p>\n","protected":false},"excerpt":{"rendered":"Die Stadt wickelt die Werkrealschule vorerst nicht ab. Stuttgarter Realschulen begr\u00fc\u00dfen das. Doch ihre f\u00fcnften Klassen d\u00fcrften aus&hellip;\n","protected":false},"author":2,"featured_media":737397,"comment_status":"","ping_status":"","sticky":false,"template":"","format":"standard","meta":{"footnotes":"","_share_on_mastodon":"0"},"categories":[1830],"tags":[1634,3364,29,4480,4481,30,9216,169028,1441,164792],"class_list":["post-737396","post","type-post","status-publish","format-standard","has-post-thumbnail","category-stuttgart","tag-baden-wuerttemberg","tag-de","tag-deutschland","tag-familienleben","tag-familienpolitik","tag-germany","tag-realschule","tag-schulwahl","tag-stuttgart","tag-weiterfuehrende-schule"],"share_on_mastodon":{"url":"https:\/\/pubeurope.com\/@de\/115937280591211918","error":""},"_links":{"self":[{"href":"https:\/\/www.europesays.com\/de\/wp-json\/wp\/v2\/posts\/737396","targetHints":{"allow":["GET"]}}],"collection":[{"href":"https:\/\/www.europesays.com\/de\/wp-json\/wp\/v2\/posts"}],"about":[{"href":"https:\/\/www.europesays.com\/de\/wp-json\/wp\/v2\/types\/post"}],"author":[{"embeddable":true,"href":"https:\/\/www.europesays.com\/de\/wp-json\/wp\/v2\/users\/2"}],"replies":[{"embeddable":true,"href":"https:\/\/www.europesays.com\/de\/wp-json\/wp\/v2\/comments?post=737396"}],"version-history":[{"count":0,"href":"https:\/\/www.europesays.com\/de\/wp-json\/wp\/v2\/posts\/737396\/revisions"}],"wp:featuredmedia":[{"embeddable":true,"href":"https:\/\/www.europesays.com\/de\/wp-json\/wp\/v2\/media\/737397"}],"wp:attachment":[{"href":"https:\/\/www.europesays.com\/de\/wp-json\/wp\/v2\/media?parent=737396"}],"wp:term":[{"taxonomy":"category","embeddable":true,"href":"https:\/\/www.europesays.com\/de\/wp-json\/wp\/v2\/categories?post=737396"},{"taxonomy":"post_tag","embeddable":true,"href":"https:\/\/www.europesays.com\/de\/wp-json\/wp\/v2\/tags?post=737396"}],"curies":[{"name":"wp","href":"https:\/\/api.w.org\/{rel}","templated":true}]}}