{"id":737527,"date":"2026-01-22T07:36:13","date_gmt":"2026-01-22T07:36:13","guid":{"rendered":"https:\/\/www.europesays.com\/de\/737527\/"},"modified":"2026-01-22T07:36:13","modified_gmt":"2026-01-22T07:36:13","slug":"in-der-leipziger-arbeitsmarktregion-spielt-der-mindestlohn-eine-besonders-grosse-rolle-%c2%b7-leipziger-zeitung","status":"publish","type":"post","link":"https:\/\/www.europesays.com\/de\/737527\/","title":{"rendered":"In der Leipziger Arbeitsmarktregion spielt der Mindestlohn eine besonders gro\u00dfe Rolle \u00b7 Leipziger Zeitung"},"content":{"rendered":"<p>Zum 1. Januar 2026 stieg der gesetzliche Mindestlohn in Deutschland auf 13,90 Euro pro Stunde, 2027 folgt die n\u00e4chste Anhebung auf 14,60 Euro. Diese Entwicklung wirft ein besonderes Licht auf die Leipziger Arbeitsmarktregion, die neben der Stadt Leipzig auch angrenzende St\u00e4dte und Landkreise von Wittenberg bis ins Altenburger Land umfasst. Im j\u00fcngsten Quartalsbericht \u2013 der Nr. 3 f\u00fcr 2025 \u2013 hat sich Andrea Schultz das Ganze mal genauer angeschaut.<\/p>\n<p>Denn die Region f\u00e4llt auf, wenn man mal genauer auf die Gehaltssituation blickt: \u201eBundesweit waren nach Zahlen der Bundesagentur f\u00fcr Arbeit (BA) im Juni 2023 rund 33,4 Millionen sozialversicherungspflichtig Besch\u00e4ftigte (ohne Auszubildende) registriert. Davon arbeiteten 6,4 Millionen Menschen in sogenannten Mindestlohnbranchen, w\u00e4hrend 27,0 Millionen Besch\u00e4ftigte in anderen Branchen t\u00e4tig waren. Damit arbeiteten deutschlandweit 19,2 Prozent aller sozialversicherungspflichtig Besch\u00e4ftigten in Mindestlohnbranchen.\u201c<img decoding=\"async\" src=\"https:\/\/www.europesays.com\/de\/wp-content\/uploads\/2026\/01\/24eadea0dffa4dcebc2cdf6023f8134c.gif\" width=\"https:\/\/www.l-iz.de\/politik\/kassensturz\/2026\/01\/1\" height=\"https:\/\/www.l-iz.de\/politik\/kassensturz\/2026\/01\/1\" alt=\"\"\/><\/p>\n<p>Doch in der Leipziger Arbeitsmarktregion liegt dieser Anteil h\u00f6her: \u201eHier geh\u00f6ren 22,3 Prozent der Besch\u00e4ftigten den Mindestlohnbranchen an \u2013 gut drei Prozentpunkte mehr als im Bundesdurchschnitt. In absoluten Zahlen bedeutet das, dass im Juni 2023 rund 189.355 Arbeitskr\u00e4fte in der Region in einer Mindestlohnbranche besch\u00e4ftigt waren\u201c, stellt Andrea Schultz fest.<\/p>\n<p>Und nicht nur das: \u201eBesonders auff\u00e4llig ist der hohe regionale Teilzeitanteil: 46,7 Prozent der Besch\u00e4ftigten in Mindestlohnbranchen arbeiten in Teilzeit. Hinzu kommen rund 54.000 geringf\u00fcgig Besch\u00e4ftigte, die statistisch gesondert ausgewiesen werden. Zum Vergleich: In den Nicht-Mindestlohnbranchen liegt der Teilzeitanteil bei lediglich 29,9 Prozent.\u201c<\/p>\n<p>Es arbeiten nicht nur deutlich mehr Besch\u00e4ftigte in der Region in Teilzeit. Ein hoher Anteil von ihnen wird auch noch ziemlich schlecht entlohnt, sodass hier der Mindestlohn greift. Andrea Schultz: \u201eAuch im Vergleich zu den gesamtdeutschen Verh\u00e4ltnissen zeige sich ein Unterschied. Der Anteil der Teilzeitkr\u00e4fte ist in der Leipziger Arbeitsmarktregion insgesamt etwas h\u00f6her \u2013 sowohl in den Mindestlohnbranchen (+2,0 Prozentpunkte) als auch in den Nicht-Mindestlohnbranchen (+2,1 Prozentpunkte).\u201c<\/p>\n<p>Das alles ist Ergebnis einer \u00fcber drei Jahrzehnte gepflegten Niedriglohnpolitik sowohl in Sachsen als auch in Sachsen-Anhalt, die vor allem Branchen bef\u00f6rderte, in denen es kaum Tarifbindung gibt und geringe Bezahlung der Standard war. Wo also prek\u00e4re Arbeitsverh\u00e4ltnisse dominieren \u2013 und das eben nicht nur in der Vergangenheit, sondern bis in die Gegenwart.<\/p>\n<p>Eine gute Grundlage f\u00fcr eine stabile wirtschaftliche Entwicklung ist das nicht. Und f\u00fcr eine sichere Lebensplanung erst recht nicht. Denn die Betroffenen k\u00f6nnen weder R\u00fccklagen bilden, vom Verm\u00f6gensaufbau ganz zu schweigen. Und auch bei der Rente haben sie miserable Karten, selbst wenn sie ein Leben lang hart gearbeitet haben.<\/p>\n<p>So zeigt auch der Blick auf die Entlohnung, wie die deutsch-deutsche Teilung bis heute weiterwirkt und eine nicht unerhebliche Zahl von Besch\u00e4ftigten zwingt, in unterdurchschnittlich bezahlten Anstellungen ihre Br\u00f6tchen zu verdienen.<\/p>\n","protected":false},"excerpt":{"rendered":"Zum 1. Januar 2026 stieg der gesetzliche Mindestlohn in Deutschland auf 13,90 Euro pro Stunde, 2027 folgt die&hellip;\n","protected":false},"author":2,"featured_media":737528,"comment_status":"","ping_status":"","sticky":false,"template":"","format":"standard","meta":{"footnotes":"","_share_on_mastodon":"0"},"categories":[1832],"tags":[620,3364,29,30,71,378,169077,25242,859],"class_list":["post-737527","post","type-post","status-publish","format-standard","has-post-thumbnail","category-leipzig","tag-arbeitsmarkt","tag-de","tag-deutschland","tag-germany","tag-leipzig","tag-mindestlohn","tag-prekaere-beschaeftigung","tag-quartalsbericht","tag-sachsen"],"share_on_mastodon":{"url":"https:\/\/pubeurope.com\/@de\/115937606764290845","error":""},"_links":{"self":[{"href":"https:\/\/www.europesays.com\/de\/wp-json\/wp\/v2\/posts\/737527","targetHints":{"allow":["GET"]}}],"collection":[{"href":"https:\/\/www.europesays.com\/de\/wp-json\/wp\/v2\/posts"}],"about":[{"href":"https:\/\/www.europesays.com\/de\/wp-json\/wp\/v2\/types\/post"}],"author":[{"embeddable":true,"href":"https:\/\/www.europesays.com\/de\/wp-json\/wp\/v2\/users\/2"}],"replies":[{"embeddable":true,"href":"https:\/\/www.europesays.com\/de\/wp-json\/wp\/v2\/comments?post=737527"}],"version-history":[{"count":0,"href":"https:\/\/www.europesays.com\/de\/wp-json\/wp\/v2\/posts\/737527\/revisions"}],"wp:featuredmedia":[{"embeddable":true,"href":"https:\/\/www.europesays.com\/de\/wp-json\/wp\/v2\/media\/737528"}],"wp:attachment":[{"href":"https:\/\/www.europesays.com\/de\/wp-json\/wp\/v2\/media?parent=737527"}],"wp:term":[{"taxonomy":"category","embeddable":true,"href":"https:\/\/www.europesays.com\/de\/wp-json\/wp\/v2\/categories?post=737527"},{"taxonomy":"post_tag","embeddable":true,"href":"https:\/\/www.europesays.com\/de\/wp-json\/wp\/v2\/tags?post=737527"}],"curies":[{"name":"wp","href":"https:\/\/api.w.org\/{rel}","templated":true}]}}