{"id":737794,"date":"2026-01-22T10:08:16","date_gmt":"2026-01-22T10:08:16","guid":{"rendered":"https:\/\/www.europesays.com\/de\/737794\/"},"modified":"2026-01-22T10:08:16","modified_gmt":"2026-01-22T10:08:16","slug":"fcn-leihflop-artem-stepanov-will-nuernberg-verlassen-sport","status":"publish","type":"post","link":"https:\/\/www.europesays.com\/de\/737794\/","title":{"rendered":"FCN: Leihflop Artem Stepanov will N\u00fcrnberg verlassen | Sport"},"content":{"rendered":"<p><a class=\"skip-content skip-content--link\" href=\"#in-content-skip-link-target-v-0-0\">TTS-Player \u00fcberspringen\u21b5<\/a><a id=\"in-content-skip-link-target-v-0-0\" class=\"skip-content--target-link-hidden skip-content skip-content--target-link\" href=\"#in-content-skip-link-target-v-0-0\">Artikel weiterlesen<\/a><\/p>\n<p><b>Noch am Wochenende schloss <\/b><a href=\"https:\/\/www.bild.de\/sport\/fussball\/1-fc-nuernberg\/startseite-1-fc-nuernberg-31074426.bild.html\" class=\"text-link\" target=\"_blank\" rel=\"noopener\"><b>N\u00fcrnberg<\/b><\/a><b>-Trainer Miroslav Klose (47) einen schnellen Leihabbruch seines St\u00fcrmers Artem Stepanov (18\/kam im Sommer von Vize-Meister Leverkusen) aus. Der Weltmeister antwortete nach der erneuten Nichtber\u00fccksichtigung des Ukrainers auf die Frage zu einem m\u00f6glichen Blitz-Abschied: \u201eDas w\u00e4re jetzt zu viel hineininterpretiert. Aber Fakt ist, dass er mit Piet Scobel noch einen Konkurrenten dazubekommen hat, der es richtig gut macht. Das bleibt stehen.\u201c<\/b><\/p>\n<p>Und das sieht wohl auch die Bayer-Leihgabe selbst so. Wie BILD erfuhr, hat Stepanov beim Verein seinen Wechselwunsch hinterlegt und m\u00f6chte seinen Vertrag in N\u00fcrnberg schnellstm\u00f6glich aufl\u00f6sen. Wom\u00f6glich, um noch im Wintertransferfenster (bis 2. Februar) zu einem anderen Verein ausgeliehen zu werden. Auch der Club soll einem Leihabbruch bei Stepanov offen gegen\u00fcberstehen.<\/p>\n<p>Mehr zum Thema<\/p>\n<p>W\u00e4hrend Stepanov in 13 Zweitliga-Spielen (davon siebenmal in der Startelf) nicht eine echte Gro\u00dfchance und nur 15 Torsch\u00fcsse zustande brachte, kam \u201eSuper-Scobel\u201c bei nur EINEM Startelf-Einsatz gegen Elversberg (3:2) auf zw\u00f6lf Torsch\u00fcsse (ligaweiter Saisonrekord 2025\/26) und seinen ersten Doppelpack. Bei so viel Torgefahr d\u00fcrfte Scobel auch in den n\u00e4chsten Wochen und Monaten deutlich bessere Einsatzchancen als Stepanov haben. Das wei\u00df nat\u00fcrlich auch das Management des ukrainischen U21-Nationalspielers. <\/p>\n<p>Damit k\u00f6nnte Stepanov schon der zweite Offensiv-Youngster sein, der vorzeitig sein Engagement beim fr\u00e4nkischen Zweitligisten beendet. Schon Mitte Dezember hatte Mustapha Hindolo (19) vom Premier-League-Klub Crystal Palace auf ein schnelles Leihende gedr\u00e4ngt. Der Rechtsfu\u00df stand nicht eine Minute in der 2. Liga auf dem Platz. <\/p>\n","protected":false},"excerpt":{"rendered":"TTS-Player \u00fcberspringen\u21b5Artikel weiterlesen Noch am Wochenende schloss N\u00fcrnberg-Trainer Miroslav Klose (47) einen schnellen Leihabbruch seines St\u00fcrmers Artem Stepanov&hellip;\n","protected":false},"author":2,"featured_media":737795,"comment_status":"","ping_status":"","sticky":false,"template":"","format":"standard","meta":{"footnotes":""},"categories":[1837],"tags":[783,621,5622,772,3364,29,347,30,786,3783,877,1470,127768,45,784],"class_list":{"0":"post-737794","1":"post","2":"type-post","3":"status-publish","4":"format-standard","5":"has-post-thumbnail","7":"category-nuernberg","8":"tag-1-fc-nuernberg","9":"tag-2-bundesliga","10":"tag-bayer-leverkusen","11":"tag-bayern","12":"tag-de","13":"tag-deutschland","14":"tag-fussball","15":"tag-germany","16":"tag-klose-miroslav","17":"tag-nuernberg","18":"tag-spobi-2-liga","19":"tag-sport-leuchtturm-muenchen","20":"tag-stepanov-artem","21":"tag-texttospeech","22":"tag-zweite-bundesliga"},"share_on_mastodon":{"url":"https:\/\/pubeurope.com\/@de\/115938204502353430","error":""},"_links":{"self":[{"href":"https:\/\/www.europesays.com\/de\/wp-json\/wp\/v2\/posts\/737794","targetHints":{"allow":["GET"]}}],"collection":[{"href":"https:\/\/www.europesays.com\/de\/wp-json\/wp\/v2\/posts"}],"about":[{"href":"https:\/\/www.europesays.com\/de\/wp-json\/wp\/v2\/types\/post"}],"author":[{"embeddable":true,"href":"https:\/\/www.europesays.com\/de\/wp-json\/wp\/v2\/users\/2"}],"replies":[{"embeddable":true,"href":"https:\/\/www.europesays.com\/de\/wp-json\/wp\/v2\/comments?post=737794"}],"version-history":[{"count":0,"href":"https:\/\/www.europesays.com\/de\/wp-json\/wp\/v2\/posts\/737794\/revisions"}],"wp:featuredmedia":[{"embeddable":true,"href":"https:\/\/www.europesays.com\/de\/wp-json\/wp\/v2\/media\/737795"}],"wp:attachment":[{"href":"https:\/\/www.europesays.com\/de\/wp-json\/wp\/v2\/media?parent=737794"}],"wp:term":[{"taxonomy":"category","embeddable":true,"href":"https:\/\/www.europesays.com\/de\/wp-json\/wp\/v2\/categories?post=737794"},{"taxonomy":"post_tag","embeddable":true,"href":"https:\/\/www.europesays.com\/de\/wp-json\/wp\/v2\/tags?post=737794"}],"curies":[{"name":"wp","href":"https:\/\/api.w.org\/{rel}","templated":true}]}}