{"id":737820,"date":"2026-01-22T10:23:09","date_gmt":"2026-01-22T10:23:09","guid":{"rendered":"https:\/\/www.europesays.com\/de\/737820\/"},"modified":"2026-01-22T10:23:09","modified_gmt":"2026-01-22T10:23:09","slug":"b-27-ersatzneubau-der-koerschtalbruecken-bei-stuttgart-moehringen-stadtkreis-stuttgart","status":"publish","type":"post","link":"https:\/\/www.europesays.com\/de\/737820\/","title":{"rendered":"B 27: Ersatzneubau der K\u00f6rschtalbr\u00fccken bei Stuttgart\u2013M\u00f6hringen (Stadtkreis Stuttgart)"},"content":{"rendered":"<p><strong>Mit der Sammelausschreibung des Landes werden im Regierungsbezirk Stuttgart 15 Br\u00fccken neu gebaut \u2013 darunter auch die K\u00f6rschtalbr\u00fccken im Zuge der B\u00a027 in Stuttgart-M\u00f6hringen. Hier stehen ab 26. Januar bis voraussichtlich 20. Februar 2026 weitere Baugrunduntersuchungen an. Einzelne Fahrspuren werden daher in diesem Zeitraum teilweise gesperrt.<\/strong><\/p>\n<p>Die K\u00f6rschtalbr\u00fccken im Zuge der B\u00a027 in Stuttgart-M\u00f6hringen aus dem Jahr 1964, die als Spannbetonbauweise errichtet wurden, m\u00fcssen neu gebaut werden (<a href=\"https:\/\/rps.baden-wuerttemberg.de\/presse\/artikel\/land-erneuert-ueber-sammelausschreibung-15-bruecken-im-regierungsbezirk\/\" target=\"_blank\" class=\"link-arrow\" rel=\"nofollow noopener\">vergleiche Medienmitteilung des Regierungspr\u00e4sidium Stuttgart vom 23. April 2025<\/a>). Die Planung der Neubauten wird mit einer Sammelausschreibung des Landes durchgef\u00fchrt.<\/p>\n<p>Als Grundlage f\u00fcr die n\u00e4chsten Planungsschritte sind Baugrunduntersuchungen in Form von Erkundungsbohrungen erforderlich. Erste Erkundungsbohrungen fanden bereits im November 2025 (<a href=\"https:\/\/rps.baden-wuerttemberg.de\/presse\/artikel\/b-27-ersatzneubau-der-koerschtalbruecken-in-stuttgart-moehringen-stadtkreis-stuttgart\/\" target=\"_blank\" class=\"link-arrow\" rel=\"nofollow noopener\">vergleiche Medienmitteilung des Regierungspr\u00e4sidium Stuttgart vom 14. November 2025<\/a>) und im Januar 2026 (<a href=\"https:\/\/rps.baden-wuerttemberg.de\/presse\/artikel\/b-27-ersatzneubau-der-koerschtalbruecken-bei-stuttgart-moehringen-stadtkreis-stuttgart\/\" target=\"_blank\" class=\"link-arrow\" rel=\"nofollow noopener\">vergleiche Medienmitteilung des Regierungspr\u00e4sidium Stuttgart vom 16. Januar 2026<\/a>) statt. Weitere geotechnische Untersuchungen finden <strong>ab Montag, 26. Januar, bis voraussichtlich Freitag, 6. Februar 2026,<\/strong> im Fahrbahnbereich der B\u00a027 statt. F\u00fcr die Dauer der Ma\u00dfnahme werden einzelne Fahrspuren der B\u00a027 in beide Fahrtrichtungen gesperrt. Der Verkehr auf der B\u00a027 wird mit Hilfe von Verkehrszeichen und Leitkegeln geregelt.<\/p>\n<p><strong>Ab Montag, 2. Februar, bis voraussichtlich Freitag, 20. Februar 2026,<\/strong> finden Erkundungsbohrungen im Fahrbahnbereich der Kurt-Schumacher-Stra\u00dfe sowie der Schelmenwasenstra\u00dfe unterhalb der K\u00f6rschtalbr\u00fccken statt. F\u00fcr die Dauer dieser Ma\u00dfnahmen werden halbseitige Sperrungen der Kurt-Schumacher-Stra\u00dfe sowie der Schelmenwasenstra\u00dfe eingerichtet. Der Verkehr auf der Kurt-Schumacher-Stra\u00dfe und der Schelmenwasenstra\u00dfe wird mithilfe von Ampeln sowie Verkehrsschildern geregelt. Dadurch kann es zeitweise zu verkehrlichen Einschr\u00e4nkungen kommen.\u00a0<\/p>\n<p>Die ARGE und das RPS bitten alle Verkehrsteilnehmerinnen und Verkehrsteilnehmer um Verst\u00e4ndnis f\u00fcr die Beeintr\u00e4chtigungen w\u00e4hrend der Baugrunduntersuchung.<\/p>\n<p>Aktuelle Informationen \u00fcber Stra\u00dfenbaustellen im Land k\u00f6nnen Interessierte auf der\u00a0<a href=\"https:\/\/verkehrsinfo-bw.de\/\" target=\"_blank\" class=\"link-external\" title=\"Externer Link (\u00f6ffnet in neuem Fenster)\" rel=\"noreferrer nofollow noopener\">Internetseite der Stra\u00dfenverkehrszentrale des Landes Baden-W\u00fcrttemberg<\/a> abrufen.\u00a0<a href=\"https:\/\/www.verkehrsinfo-bw.de\/verkehrsinfo_app\" target=\"_blank\" class=\"link-external\" title=\"Externer Link (\u00f6ffnet in neuem Fenster)\" rel=\"noreferrer nofollow noopener\">VerkehrsInfo BW gibt es auch als App<\/a> (kostenlos und ohne Werbung).<\/p>\n<p><strong>Hintergrundinformationen:<\/strong><\/p>\n<p>Das Land hat \u00fcber die Sammelausschreibung f\u00fcr 15 Br\u00fccken im Stuttgarter Regierungsbezirk eine Arbeitsgemeinschaft beauftragt, die aus vier Ingenieurb\u00fcros besteht. Neben der Entwurfsplanung f\u00fcr die Ersatzneubauten erbringt und koordiniert die ARGE auch die erforderlichen Fachplanungen. Dazu geh\u00f6ren beispielsweise Stra\u00dfenplanung, Baugrundgutachten und naturschutzfachliche Untersuchungen. Diese m\u00fcssen zudem durch die ARGE mit betroffenen Stellen wie den beteiligten Beh\u00f6rden abgestimmt werden.<\/p>\n<p>Weitere Informationen zur Sammelausschreibung f\u00fcr das Land und zur Br\u00fcckensicherheit finden Sie in Medienmitteilungen des Ministeriums f\u00fcr Verkehr vom\u00a0<a href=\"https:\/\/vm.baden-wuerttemberg.de\/de\/service\/presse\/pressemitteilung\/pid\/land-erneuert-31-bruecken-mit-einem-auftrag-1\" target=\"_blank\" class=\"link-external\" title=\"Externer Link zum Verkehrsministerium (\u00f6ffnet in neuem Fenster)\" rel=\"noreferrer nofollow noopener\">8. Oktober 2024<\/a> sowie vom\u00a0<a href=\"https:\/\/vm.baden-wuerttemberg.de\/de\/service\/presse\/pressemitteilung\/pid\/land-reagiert-bei-brueckensicherheit\" target=\"_blank\" class=\"link-external\" title=\"Externer Link zum Verkehrsministerium (\u00f6ffnet in neuem Fenster)\" rel=\"noreferrer nofollow noopener\">19. Dezember 2024<\/a>.<\/p>\n<p>Ebenfalls am 19. Dezember 2024 hat das RPS eine Medienmitteilung zum\u00a0<a href=\"https:\/\/rp.baden-wuerttemberg.de\/rps\/presse\/artikel\/bruecken-mit-spannungsrisskorrosionsempfindlichem-spannstahl-im-regierungsbezirk-stuttgart\/\" target=\"_blank\" class=\"link-arrow\" rel=\"nofollow noopener\">Thema: \u201eBr\u00fccken mit spannungsrisskorrosionsempfindlichen Spannstahl im Regierungsbezirk Stuttgart\u201c<\/a> ver\u00f6ffentlicht. Ein Teil dieser Br\u00fccken ist in der Sammelausschreibung des Landes enthalten, zu der eine Medienmitteilung am\u00a0<a href=\"https:\/\/rp.baden-wuerttemberg.de\/rps\/presse\/artikel\/land-erneuert-ueber-sammelausschreibung-15-bruecken-im-regierungsbezirk\/\" target=\"_blank\" class=\"link-arrow\" rel=\"nofollow noopener\">23. April 2025<\/a> ver\u00f6ffentlicht worden ist.<\/p>\n<p>Zum Br\u00fcckenerhaltungsprogramm bis 2030 gibt es au\u00dferdem weitere Informationen in den Medienmitteilungen des Ministeriums f\u00fcr Verkehr vom\u00a0<a href=\"https:\/\/vm.baden-wuerttemberg.de\/de\/service\/presse\/pressemitteilung\/pid\/land-stellt-umsetzungsplan-zur-erhaltung-der-bruecken-vor\" target=\"_blank\" class=\"link-external\" title=\"Externer Link zum Verkehrsministerium (\u00f6ffnet in neuem Fenster)\" rel=\"noreferrer nofollow noopener\">23. Oktober 2025<\/a> und des RPS vom\u00a0<a href=\"https:\/\/rps.baden-wuerttemberg.de\/presse\/artikel\/60-bruecken-an-bundes-und-landesstrassen-sollen-im-regierungsbezirk-stuttgart-bis-zum-jahr-2030-ersetzt-werden\/\" target=\"_blank\" class=\"link-arrow\" rel=\"nofollow noopener\">23. Oktober 2025<\/a>.<\/p>\n","protected":false},"excerpt":{"rendered":"Mit der Sammelausschreibung des Landes werden im Regierungsbezirk Stuttgart 15 Br\u00fccken neu gebaut \u2013 darunter auch die K\u00f6rschtalbr\u00fccken&hellip;\n","protected":false},"author":2,"featured_media":737821,"comment_status":"","ping_status":"","sticky":false,"template":"","format":"standard","meta":{"footnotes":"","_share_on_mastodon":"0"},"categories":[1830],"tags":[169117,1634,3364,29,169120,5469,30,169118,169119,1441,3399],"class_list":["post-737820","post","type-post","status-publish","format-standard","has-post-thumbnail","category-stuttgart","tag-b-27","tag-baden-wuerttemberg","tag-de","tag-deutschland","tag-erkundungsbohrungen","tag-ersatzneubau","tag-germany","tag-koerschtalbruecke","tag-stadtkreis-stuttgart","tag-stuttgart","tag-stuttgart-moehringen"],"share_on_mastodon":{"url":"https:\/\/pubeurope.com\/@de\/115938263377970324","error":""},"_links":{"self":[{"href":"https:\/\/www.europesays.com\/de\/wp-json\/wp\/v2\/posts\/737820","targetHints":{"allow":["GET"]}}],"collection":[{"href":"https:\/\/www.europesays.com\/de\/wp-json\/wp\/v2\/posts"}],"about":[{"href":"https:\/\/www.europesays.com\/de\/wp-json\/wp\/v2\/types\/post"}],"author":[{"embeddable":true,"href":"https:\/\/www.europesays.com\/de\/wp-json\/wp\/v2\/users\/2"}],"replies":[{"embeddable":true,"href":"https:\/\/www.europesays.com\/de\/wp-json\/wp\/v2\/comments?post=737820"}],"version-history":[{"count":0,"href":"https:\/\/www.europesays.com\/de\/wp-json\/wp\/v2\/posts\/737820\/revisions"}],"wp:featuredmedia":[{"embeddable":true,"href":"https:\/\/www.europesays.com\/de\/wp-json\/wp\/v2\/media\/737821"}],"wp:attachment":[{"href":"https:\/\/www.europesays.com\/de\/wp-json\/wp\/v2\/media?parent=737820"}],"wp:term":[{"taxonomy":"category","embeddable":true,"href":"https:\/\/www.europesays.com\/de\/wp-json\/wp\/v2\/categories?post=737820"},{"taxonomy":"post_tag","embeddable":true,"href":"https:\/\/www.europesays.com\/de\/wp-json\/wp\/v2\/tags?post=737820"}],"curies":[{"name":"wp","href":"https:\/\/api.w.org\/{rel}","templated":true}]}}