{"id":738142,"date":"2026-01-22T13:20:13","date_gmt":"2026-01-22T13:20:13","guid":{"rendered":"https:\/\/www.europesays.com\/de\/738142\/"},"modified":"2026-01-22T13:20:13","modified_gmt":"2026-01-22T13:20:13","slug":"nach-dem-haarausfall-ex-bachelorette-verliert-nun-auch-ihre-augenbrauen","status":"publish","type":"post","link":"https:\/\/www.europesays.com\/de\/738142\/","title":{"rendered":"Nach dem Haarausfall: Ex-&#8222;Bachelorette&#8220; verliert nun auch ihre Augenbrauen"},"content":{"rendered":"<p>Nach dem HaarausfallEx-&#8222;Bachelorette&#8220; verliert nun auch ihre Augenbrauen<\/p>\n<p>22.01.2026, 12:07 Uhr <\/p>\n<p>Artikel anh\u00f6ren(02:49 min)<\/p>\n<p><img decoding=\"async\" class=\"Image_img__fQCi0 Image_Img_16_9__4BLfH widget-picture-inline_maximizable__t_E7h\" loading=\"eager\" fetchpriority=\"high\" src=\"https:\/\/www.europesays.com\/de\/wp-content\/uploads\/2026\/01\/Sharon-Battiste-beim-Thomas-Sabo-40th-Anniversary-Press-Cocktail-Collection-Presentation-auf-der-Ber.webp\" alt=\"Sharon-Battiste-beim-Thomas-Sabo-40th-Anniversary-Press-Cocktail-Collection-Presentation-auf-der-Berlin-Fashion-Week-S-S-2025-im-China-Club-Berlin-02-07-2024-Foto-xF\"\/>Steht selbstbewusst zu ihrer Glatze: Sharon Battiste. (Foto: IMAGO\/Future Image)TeilenFolgen auf:<a href=\"https:\/\/www.whatsapp.com\/channel\/0029Va5cdVJD8SDp5YZgYF01\" title=\"Auf WhatsApp folgen\" target=\"_blank\" rel=\"nofollow noopener\"><img decoding=\"async\" src=\"https:\/\/www.n-tv.de\/socialIcons\/whatsapp.svg\" alt=\"whatsapp\" class=\"ArticleShare_icon__FsrC2\"\/><\/a><a href=\"https:\/\/news.google.com\/publications\/CAAiEPMdif5mpRNxiLOeUpHCwwsqFAgKIhDzHYn-ZqUTcYiznlKRwsML?hl=de&amp;gl=DE&amp;ceid=DE%3Ade\" title=\"Auf Google News folgen\" target=\"_blank\" rel=\"nofollow noopener\"><img decoding=\"async\" src=\"https:\/\/www.n-tv.de\/socialIcons\/google.svg\" alt=\"whatsapp\" class=\"ArticleShare_icon__FsrC2\"\/><\/a><\/p>\n<p class=\"Typography_text-m__XI0da Typography_weight-bold__uT6mq storyline_lead_text_leadtext__q_wg8\">Vier Jahre ist es her, dass Sharon Battiste in die Rolle der &#8222;Bachelorette&#8220; geschl\u00fcpft ist. Stark und selbstbewusst, denn schon damals leidet sie unter Haarausfall. Nun zieht die daf\u00fcr verantwortliche Autoimmunerkrankung auch die Augenbrauen der 34-J\u00e4hrigen in Mitleidenschaft.<\/p>\n<p class=\"Typography_text-default__P3otY Typography_weight-normal__pqUbH storyline_paragraph_p__qSR5N\">Sharon Battiste leidet seit ihrem achten Lebensjahr unter kreisrundem Haarausfall, in der Fachsprache Alopecia areata genannt. Nun steckt die Ex-&#8222;Bachelorette&#8220; von 2022 mitten in einem neuen Schub ihrer Autoimmunerkrankung, wie sie ihren Followerinnen und Followern auf Instagram verr\u00e4t. Die Folge: Die ehemalige &#8222;K\u00f6ln 50667&#8220;-Schauspielerin sieht sich jetzt auch mit dem beginnenden Verlust ihrer Augenbrauen konfrontiert.<\/p>\n<p class=\"Typography_text-default__P3otY Typography_weight-normal__pqUbH storyline_paragraph_p__qSR5N\">&#8222;Nachdem ich meine Haare auf dem Kopf schon verloren habe, haben jetzt die Augenbrauen angefangen auszufallen&#8220;, berichtet sie in einem Video. Schon seit 2022 tr\u00e4gt das Model eine Glatze, weil der Haarausfall zu stark wurde. Doch von ihren Augenbrauen will sich Battiste nicht verabschieden. &#8222;Deswegen habe ich mir vor zwei Tagen die Augenbrauen permanent machen lassen&#8220;, so die 34-J\u00e4hrige.<\/p>\n<p class=\"Typography_text-default__P3otY Typography_weight-normal__pqUbH storyline_paragraph_p__qSR5N\">Sharon Battiste entschied sich f\u00fcr ein Microblading, also eine Form des Semi-Permanent-Make-ups f\u00fcr die Augenbrauen. Im Video zeigt sie den Eingriff und das Ergebnis. &#8222;Klar ist das Ganze jetzt noch im Abheilungsprozess und die Krankheit ist dennoch da, trotzdem versp\u00fcre ich endlich wieder ein bisschen Lebensfreude und Leichtigkeit in meinem Leben&#8220;, freut sich Battiste.<\/p>\n<p>&#8222;Unfassbar stark&#8220;<\/p>\n<p class=\"Typography_text-default__P3otY Typography_weight-normal__pqUbH storyline_paragraph_p__qSR5N\">Das Video zeigt nicht nur die Ver\u00e4nderung ihrer Augenbrauen, sondern auch ihren Weg, mit Alopecia areata zu leben. Im Clip sind auch Aufnahmen aus der Zeit zu sehen, als sie noch Haare hatte. Zudem dokumentiert Battiste, wie diese sp\u00e4ter ausfielen und wie sie heute stolz eine Glatze tr\u00e4gt. Im Text zum Video fragt sie: &#8222;Habt ihr auch Erfahrung mit kreisrundem Haarausfall? Wie ist eure Story? Ich freue mich, wenn ihr sie hier teilt.&#8220;<\/p>\n<p class=\"Typography_text-default__P3otY Typography_weight-normal__pqUbH storyline_paragraph_p__qSR5N\">Die Nutzerinnen und Nutzer zollen der 34-J\u00e4hrigen Respekt. &#8222;Du bist unfassbar stark, sieht super aus!&#8220;, steht zum Beispiel in den Kommentaren. Auch die neuen Augenbrauen von Sharon Battiste kommen gut an. &#8222;Das war eine sehr gute Entscheidung. Sieht toll aus!&#8220;, schreibt eine Userin. Und eine andere bekr\u00e4ftigt: &#8222;Alles richtig gemacht!&#8220;<\/p>\n<p class=\"Typography_text-s__wu_cm Typography_weight-normal__pqUbH Typography_color-darkgrey__sZEnP article-detail-footer_source__KslPc\">Quelle: ntv.de, vpr\/spot<\/p>\n","protected":false},"excerpt":{"rendered":"Nach dem HaarausfallEx-&#8222;Bachelorette&#8220; verliert nun auch ihre Augenbrauen 22.01.2026, 12:07 Uhr Artikel anh\u00f6ren(02:49 min) Steht selbstbewusst zu ihrer&hellip;\n","protected":false},"author":2,"featured_media":738143,"comment_status":"","ping_status":"","sticky":false,"template":"","format":"standard","meta":{"footnotes":"","_share_on_mastodon":"0"},"categories":[1776],"tags":[1801,29,14272,214,30,1802,766,640,684,215],"class_list":["post-738142","post","type-post","status-publish","format-standard","has-post-thumbnail","category-prominente","tag-celebrities","tag-deutschland","tag-die-bachelorette","tag-entertainment","tag-germany","tag-prominente","tag-reality-tv","tag-rtl","tag-tv","tag-unterhaltung"],"share_on_mastodon":{"url":"https:\/\/pubeurope.com\/@de\/115938959342894526","error":""},"_links":{"self":[{"href":"https:\/\/www.europesays.com\/de\/wp-json\/wp\/v2\/posts\/738142","targetHints":{"allow":["GET"]}}],"collection":[{"href":"https:\/\/www.europesays.com\/de\/wp-json\/wp\/v2\/posts"}],"about":[{"href":"https:\/\/www.europesays.com\/de\/wp-json\/wp\/v2\/types\/post"}],"author":[{"embeddable":true,"href":"https:\/\/www.europesays.com\/de\/wp-json\/wp\/v2\/users\/2"}],"replies":[{"embeddable":true,"href":"https:\/\/www.europesays.com\/de\/wp-json\/wp\/v2\/comments?post=738142"}],"version-history":[{"count":0,"href":"https:\/\/www.europesays.com\/de\/wp-json\/wp\/v2\/posts\/738142\/revisions"}],"wp:featuredmedia":[{"embeddable":true,"href":"https:\/\/www.europesays.com\/de\/wp-json\/wp\/v2\/media\/738143"}],"wp:attachment":[{"href":"https:\/\/www.europesays.com\/de\/wp-json\/wp\/v2\/media?parent=738142"}],"wp:term":[{"taxonomy":"category","embeddable":true,"href":"https:\/\/www.europesays.com\/de\/wp-json\/wp\/v2\/categories?post=738142"},{"taxonomy":"post_tag","embeddable":true,"href":"https:\/\/www.europesays.com\/de\/wp-json\/wp\/v2\/tags?post=738142"}],"curies":[{"name":"wp","href":"https:\/\/api.w.org\/{rel}","templated":true}]}}