{"id":738166,"date":"2026-01-22T13:35:13","date_gmt":"2026-01-22T13:35:13","guid":{"rendered":"https:\/\/www.europesays.com\/de\/738166\/"},"modified":"2026-01-22T13:35:13","modified_gmt":"2026-01-22T13:35:13","slug":"ob-ziemons-zeigt-sich-zufrieden-mit-dem-ablauf","status":"publish","type":"post","link":"https:\/\/www.europesays.com\/de\/738166\/","title":{"rendered":"OB Ziemons zeigt sich zufrieden mit dem Ablauf"},"content":{"rendered":"<p>OB Ziemons \u00fcber die Evakuierung <\/p>\n<p>&#8222;Es ist ein gutes Gef\u00fchl, dass alles wie geplant gelaufen ist&#8220;<\/p>\n<p>Aktualisiert am 22.01.2026 &#8211; 14:30 UhrLesedauer: 2 Min.<\/p>\n<p><a href=\"#focus-0\" class=\"transition-colors duration-200 block text-current relative\" data-sctrack=\"FocusGalleryImage.Reference\"><img fetchpriority=\"high\" data-testid=\"Opener.Image\" style=\"--lqipURL:url('https:\/\/images.t-online.de\/2026\/01\/TOgFH9BEvTg0\/0x192:2048x1152\/fit-in\/150x0\/filters:blur(25)\/image.jpg')\"   loading=\"eager\" src=\"https:\/\/www.europesays.com\/de\/wp-content\/uploads\/2026\/01\/1769088913_729_image.jpg\" alt=\"Michael Ziemons: Auch er war in der Notuntertkunft im Tivoli.\" title=\"Michael Ziemons: Auch er war in der Notuntertkunft im Tivoli.\" width=\"2048\" height=\"1152\" class=\"bg-[url:var(--lqipURL)] bg-cover bg-center flex h-full w-full max-w-full\" decoding=\"async\"\/><img style=\"--width:32;--height:32\" loading=\"lazy\" src=\"https:\/\/aachen.t-online.de\/s\/paper\/_next\/static\/media\/zoom-in.f7dae02f.svg\" alt=\"Vergr\u00f6\u00dfern des Bildes\" title=\"Vergr\u00f6\u00dfern des Bildes\" class=\"block h-[calc(var(--height)_\/_16_*_1rem)] w-[calc(var(--width)_\/_16_*_1rem)] max-w-none absolute bottom-8 right-8 rounded-4 bg-snow p-8\" decoding=\"async\"\/><\/a><\/p>\n<p>Michael Ziemons: Auch er war in der Notuntertkunft im Tivoli. (Quelle: Simon Abrahamjan)<\/p>\n<p class=\"font-bold text-18 leading-17\">Die Entsch\u00e4rfung einer Weltkriegsbombe in Aachen erfordert eine gut koordinierte Evakuierung. B\u00fcrgermeister Ziemons zeigt sich zufrieden.<\/p>\n<p class=\"text-18 leading-17\">F\u00fcr B\u00fcrgermeister Michael Ziemons hat der heutige Donnerstag fr\u00fch begonnen. Der Krisenstab der Stadt Aachen tagte wegen der Entsch\u00e4rfung der Weltkriegsbombe schon um 7 Uhr. Alle 380 Hilfskr\u00e4fte mussten mobilisiert und informiert werden.<\/p>\n<p class=\"text-18 leading-17\">Neben Polizei, Feuerwehr und Ordnungsamt waren unter anderem auch Hilfsorganisationen und Krankentransportz\u00fcge aus dem Regierungsbezirk K\u00f6ln dabei. Diese Unterst\u00fctzung musste angefragt werden: &#8222;Wenn man ein Altenheim evakuieren will, braucht man auch mal Hilfe von au\u00dferhalb&#8220;, sagt Ziemons. Ansonsten konnte die Stadt Aachen die gesamte Evakuierung aus eigenen Kr\u00e4ften stemmen.<\/p>\n<p class=\"text-18 leading-17\">Und es ist alles gut gelaufen. Eine Evakuierung verlaufe nach einem Plan, alles sei vorbereitet, sagt Ziemons. Und: &#8222;Es ist ein gutes Gef\u00fchl, dass bisher alles genau so gelaufen ist, wie es geplant war.&#8220;<\/p>\n<p class=\"text-18 leading-17\">Gr\u00f6\u00dfere Zwischenf\u00e4lle gab es also keine. Nur ein paar &#8222;Besonderheiten&#8220;, wie der Oberb\u00fcrgermeister berichtet. Zu diesen Besonderheiten z\u00e4hlt zum einen, dass das B\u00fcro des B\u00fcrgertelefons &#8222;Call Aachen&#8220;, bei dem B\u00fcrger Fragen zur Evakuierung stellen k\u00f6nnen, selbst im Evakuierungsgebiet lag. Dieses musste noch in der Nacht an einen Ausweichort umziehen.<\/p>\n<p class=\"text-18 leading-17\">Eine weitere &#8222;Besonderheit&#8220; war ein bettl\u00e4geriger Mann, der ein Haustier hatte. Der Patient konnte im Krankenwagen abtransportiert werden. &#8222;Aber Haustiere d\u00fcrfen ja nicht in den Krankenwagen.&#8220; Deswegen habe sich die Feuerwehr um einen Tiertransport gek\u00fcmmert.<\/p>\n<p class=\"text-18 leading-17\">Was die Entsch\u00e4rfung der Bombe angeht, liege man momentan im Zeitplan. Wenn es keine Zwischenf\u00e4lle gebe, k\u00f6nnte die Entsch\u00e4rfung um 14.30 Uhr beendet sein. Allerdings k\u00f6nne man nicht in das Gewinde hineinschauen und auch Menschen, die sich weigerten, ihre Wohnungen zu verlassen, k\u00f6nnten die Entsch\u00e4rfung bis dato noch verz\u00f6gern.<\/p>\n","protected":false},"excerpt":{"rendered":"OB Ziemons \u00fcber die Evakuierung &#8222;Es ist ein gutes Gef\u00fchl, dass alles wie geplant gelaufen ist&#8220; Aktualisiert am&hellip;\n","protected":false},"author":2,"featured_media":738167,"comment_status":"","ping_status":"","sticky":false,"template":"","format":"standard","meta":{"footnotes":"","_share_on_mastodon":"0"},"categories":[1853],"tags":[6027,1424,9154,3364,29,9599,548,663,3934,6308,985,30,13,1420,44477,14,15,1209,121,12,11192],"class_list":["post-738166","post","type-post","status-publish","format-standard","has-post-thumbnail","category-aachen","tag-ordnungsamt","tag-aachen","tag-bombenentschaerfung","tag-de","tag-deutschland","tag-entschaerfung","tag-eu","tag-europa","tag-europe","tag-evakuierung","tag-feuerwehr","tag-germany","tag-headlines","tag-koeln","tag-michael-ziemon","tag-nachrichten","tag-news","tag-nordrhein-westfalen","tag-polizei","tag-schlagzeilen","tag-weltkriegsbombe"],"share_on_mastodon":{"url":"https:\/\/pubeurope.com\/@de\/115939019237847068","error":""},"_links":{"self":[{"href":"https:\/\/www.europesays.com\/de\/wp-json\/wp\/v2\/posts\/738166","targetHints":{"allow":["GET"]}}],"collection":[{"href":"https:\/\/www.europesays.com\/de\/wp-json\/wp\/v2\/posts"}],"about":[{"href":"https:\/\/www.europesays.com\/de\/wp-json\/wp\/v2\/types\/post"}],"author":[{"embeddable":true,"href":"https:\/\/www.europesays.com\/de\/wp-json\/wp\/v2\/users\/2"}],"replies":[{"embeddable":true,"href":"https:\/\/www.europesays.com\/de\/wp-json\/wp\/v2\/comments?post=738166"}],"version-history":[{"count":0,"href":"https:\/\/www.europesays.com\/de\/wp-json\/wp\/v2\/posts\/738166\/revisions"}],"wp:featuredmedia":[{"embeddable":true,"href":"https:\/\/www.europesays.com\/de\/wp-json\/wp\/v2\/media\/738167"}],"wp:attachment":[{"href":"https:\/\/www.europesays.com\/de\/wp-json\/wp\/v2\/media?parent=738166"}],"wp:term":[{"taxonomy":"category","embeddable":true,"href":"https:\/\/www.europesays.com\/de\/wp-json\/wp\/v2\/categories?post=738166"},{"taxonomy":"post_tag","embeddable":true,"href":"https:\/\/www.europesays.com\/de\/wp-json\/wp\/v2\/tags?post=738166"}],"curies":[{"name":"wp","href":"https:\/\/api.w.org\/{rel}","templated":true}]}}